{"id":1023,"date":"2023-06-12T19:51:09","date_gmt":"2023-06-12T19:51:09","guid":{"rendered":"https:\/\/krv1897.de\/?p=1023"},"modified":"2023-06-22T13:04:21","modified_gmt":"2023-06-22T13:04:21","slug":"bock-und-hofmann-werden-zweite-in-bamberg","status":"publish","type":"post","link":"https:\/\/krv1897.de\/?p=1023","title":{"rendered":"Bock und Hofmann werden Zweite in Bamberg"},"content":{"rendered":"\n<p>Im Juli wird eine kleine Zahl j\u00fcngerer Ruderer aus Kitzingen wieder bei der Bayerischen Meisterschaft auf der Olympiastrecke pr\u00e4sent sein. &#8222;Mehr junge, leistungshungrige Ruderer&#8220; w\u00fcnscht sich Gerd Bock (1956) seit Jahren. Vornehmlich an ihm und seinem Partner im Doppelzweier, dem Langstreckenspezialisten Gerhard Hofmann (1960) lag es, in den letzten Jahren die Fahnen des KRV auf Regatten hochzualten. <\/p>\n\n\n\n<p>Mehrfach verteidigten sie im Masters-Rudern ihren Bayerischen Meistertitel \u00fcber 1.000 Meter. Als Formtest nutzten Bock\/Hofmann die 61. Regatta der <a href=\"https:\/\/www.facebook.com\/groups\/242630522424205\/?__cft__[0]=AZU-TD72hLO8fD9bNafAYsGtzherMf8dj2N-9Evus6pQGy1VZMzCrjilrCPNm2CxYXt50iAHmhfMfTZTVh4G2ppriqK8ZxGb6BTP7gwXp70bk2NcSwTSEHWgMbudxlJDuIpiotXqpg0sn02980cbvqBkUluGnhMRVGvA-tUmh3d43nfUnogeXuJ5BwtE1Dt0_P9X5P7p1rdDodaKlR9np2Mg&amp;__tn__=-UK-R\"><mark style=\"background-color:rgba(0, 0, 0, 0)\" class=\"has-inline-color has-vivid-cyan-blue-color\">Bamberger Rudergesellschaft von 1884 e.V.<\/mark><\/a>. Gleich zwei Mal gingen sie bei br\u00fctender Hitze auf dem Main-Donau-Kanal an den Start.<\/p>\n\n\n\n<p>Gemeinsam mit Bernd M\u00fcller und Wolfram Markert vom <a href=\"https:\/\/www.facebook.com\/RCFS1882?__cft__[0]=AZU-TD72hLO8fD9bNafAYsGtzherMf8dj2N-9Evus6pQGy1VZMzCrjilrCPNm2CxYXt50iAHmhfMfTZTVh4G2ppriqK8ZxGb6BTP7gwXp70bk2NcSwTSEHWgMbudxlJDuIpiotXqpg0sn02980cbvqBkUluGnhMRVGvA-tUmh3d43nfUnogeXuJ5BwtE1Dt0_P9X5P7p1rdDodaKlR9np2Mg&amp;__tn__=-]K-R\"><mark style=\"background-color:rgba(0, 0, 0, 0)\" class=\"has-inline-color has-vivid-cyan-blue-color\">Schweinfurter Ruder-Club Franken v. 1882 e.V.<\/mark><\/a> starteten Bock\/Hofmann in der Mittagshitze im Doppelvierer \u00fcber 1.000 Meter. Nach einem technischen Fehler des Steuermanns und resultierender Kursabweichung standen am Ende 3:49,40 auf der Uhr; Platz drei hinter dem <a href=\"https:\/\/www.facebook.com\/DRCI.eV?__cft__[0]=AZU-TD72hLO8fD9bNafAYsGtzherMf8dj2N-9Evus6pQGy1VZMzCrjilrCPNm2CxYXt50iAHmhfMfTZTVh4G2ppriqK8ZxGb6BTP7gwXp70bk2NcSwTSEHWgMbudxlJDuIpiotXqpg0sn02980cbvqBkUluGnhMRVGvA-tUmh3d43nfUnogeXuJ5BwtE1Dt0_P9X5P7p1rdDodaKlR9np2Mg&amp;__tn__=-]K-R\"><mark style=\"background-color:rgba(0, 0, 0, 0)\" class=\"has-inline-color has-vivid-cyan-blue-color\">Donau Ruder Club Ingolstadt<\/mark><\/a> und der Renngemeinschaft W\u00fcrzburg\/Schweinfurt.<\/p>\n\n\n\n<p>Nach drei Stunden Regenerationszeit und drei\u00dfig Minuten schifffahrtsbedingtem Warten auf Wasser ging es ins Doppelzweier-Rennen. In ihrer Altersklasse fuhren die Kitzinger gegen den <a href=\"https:\/\/www.facebook.com\/groups\/366595093429\/?__cft__[0]=AZU-TD72hLO8fD9bNafAYsGtzherMf8dj2N-9Evus6pQGy1VZMzCrjilrCPNm2CxYXt50iAHmhfMfTZTVh4G2ppriqK8ZxGb6BTP7gwXp70bk2NcSwTSEHWgMbudxlJDuIpiotXqpg0sn02980cbvqBkUluGnhMRVGvA-tUmh3d43nfUnogeXuJ5BwtE1Dt0_P9X5P7p1rdDodaKlR9np2Mg&amp;__tn__=-UK-R\"><mark style=\"background-color:rgba(0, 0, 0, 0)\" class=\"has-inline-color has-vivid-cyan-blue-color\">Lauffener Ruderclub &#8222;Neckar&#8220;<\/mark><\/a>. Die ersten 500 Meter gleichauf, zogen die Schwaben auf der zweiten H\u00e4lfte davon und gewannen mit 3:44,09 und 1,5 Bootsl\u00e4ngen Vorsprung vor Bock\/Hoffmann (3:49,45).<\/p>\n\n\n\n<p>Bock, der mit am Vortag im Masterseiner bereits Zweiter wurde, kommentierte das Regatta-Wochenende lapidar mit: \u201eso prickelnd waren die Zeiten nicht\u201c, was wohl so viel hei\u00dft wie: bis Mitte Juli wird man die KRV-Rennsenioren noch etwas \u00f6fter auf dem Main sehen, damit der Bayerische Meistertitel im Masters-Doppelzweier auch 2023 beim Kitzinger Ruderverein von 1897 bleibt. <\/p>\n\n\n\n<p><a href=\"https:\/\/www.facebook.com\/KRV1897\/photos\/pcb.281800924291350\/281797690958340\/?__cft__[0]=AZU-TD72hLO8fD9bNafAYsGtzherMf8dj2N-9Evus6pQGy1VZMzCrjilrCPNm2CxYXt50iAHmhfMfTZTVh4G2ppriqK8ZxGb6BTP7gwXp70bk2NcSwTSEHWgMbudxlJDuIpiotXqpg0sn02980cbvqBkUluGnhMRVGvA-tUmh3d43nfUnogeXuJ5BwtE1Dt0_P9X5P7p1rdDodaKlR9np2Mg&amp;__tn__=*bH-R\"><\/a><\/p>\n\n\n\n<h4 class=\"wp-block-heading\">Fotos vom Hitze-Formtest auf dem Main-Donau-Kanal bei Bamberg<\/h4>\n\n\n\n<figure class=\"wp-block-image\"><a href=\"https:\/\/www.facebook.com\/KRV1897\/photos\/pcb.281800924291350\/281797690958340\/?__cft__[0]=AZU-TD72hLO8fD9bNafAYsGtzherMf8dj2N-9Evus6pQGy1VZMzCrjilrCPNm2CxYXt50iAHmhfMfTZTVh4G2ppriqK8ZxGb6BTP7gwXp70bk2NcSwTSEHWgMbudxlJDuIpiotXqpg0sn02980cbvqBkUluGnhMRVGvA-tUmh3d43nfUnogeXuJ5BwtE1Dt0_P9X5P7p1rdDodaKlR9np2Mg&amp;__tn__=*bH-R\"><img decoding=\"async\" src=\"https:\/\/scontent-muc2-1.xx.fbcdn.net\/v\/t39.30808-6\/353753852_281797684291674_8256960018901197118_n.jpg?stp=dst-jpg_p600x600&amp;_nc_cat=107&amp;ccb=1-7&amp;_nc_sid=730e14&amp;_nc_ohc=YEYcD7FP0UsAX8A-eWr&amp;_nc_ht=scontent-muc2-1.xx&amp;oh=00_AfBazc79wingbdr1oURlR1FKyOm96cGdY6c21V1bBE4Q5g&amp;oe=648C2EAE\" alt=\"\"\/><\/a><\/figure>\n\n\n\n<p><a href=\"https:\/\/www.facebook.com\/KRV1897\/photos\/pcb.281800924291350\/281797604291682\/?__cft__[0]=AZU-TD72hLO8fD9bNafAYsGtzherMf8dj2N-9Evus6pQGy1VZMzCrjilrCPNm2CxYXt50iAHmhfMfTZTVh4G2ppriqK8ZxGb6BTP7gwXp70bk2NcSwTSEHWgMbudxlJDuIpiotXqpg0sn02980cbvqBkUluGnhMRVGvA-tUmh3d43nfUnogeXuJ5BwtE1Dt0_P9X5P7p1rdDodaKlR9np2Mg&amp;__tn__=*bH-R\"><\/a><\/p>\n\n\n\n<figure class=\"wp-block-image\"><a href=\"https:\/\/www.facebook.com\/KRV1897\/photos\/pcb.281800924291350\/281797604291682\/?__cft__[0]=AZU-TD72hLO8fD9bNafAYsGtzherMf8dj2N-9Evus6pQGy1VZMzCrjilrCPNm2CxYXt50iAHmhfMfTZTVh4G2ppriqK8ZxGb6BTP7gwXp70bk2NcSwTSEHWgMbudxlJDuIpiotXqpg0sn02980cbvqBkUluGnhMRVGvA-tUmh3d43nfUnogeXuJ5BwtE1Dt0_P9X5P7p1rdDodaKlR9np2Mg&amp;__tn__=*bH-R\"><img decoding=\"async\" src=\"https:\/\/scontent-muc2-1.xx.fbcdn.net\/v\/t39.30808-6\/353847397_281797594291683_9069203941987403219_n.jpg?stp=dst-jpg_p600x600&amp;_nc_cat=107&amp;ccb=1-7&amp;_nc_sid=730e14&amp;_nc_ohc=3aaUk-lZCKAAX9vMabx&amp;_nc_ht=scontent-muc2-1.xx&amp;oh=00_AfBzEjghv6PhgRrJeCfa4_q65isk6YyMf9g1UM00zHP71w&amp;oe=648D4FC1\" alt=\"\"\/><\/a><\/figure>\n\n\n\n<p><a href=\"https:\/\/www.facebook.com\/KRV1897\/photos\/pcb.281800924291350\/281800430958066\/?__cft__[0]=AZU-TD72hLO8fD9bNafAYsGtzherMf8dj2N-9Evus6pQGy1VZMzCrjilrCPNm2CxYXt50iAHmhfMfTZTVh4G2ppriqK8ZxGb6BTP7gwXp70bk2NcSwTSEHWgMbudxlJDuIpiotXqpg0sn02980cbvqBkUluGnhMRVGvA-tUmh3d43nfUnogeXuJ5BwtE1Dt0_P9X5P7p1rdDodaKlR9np2Mg&amp;__tn__=*bH-R\"><\/a><\/p>\n\n\n\n<figure class=\"wp-block-image\"><a href=\"https:\/\/www.facebook.com\/KRV1897\/photos\/pcb.281800924291350\/281800430958066\/?__cft__[0]=AZU-TD72hLO8fD9bNafAYsGtzherMf8dj2N-9Evus6pQGy1VZMzCrjilrCPNm2CxYXt50iAHmhfMfTZTVh4G2ppriqK8ZxGb6BTP7gwXp70bk2NcSwTSEHWgMbudxlJDuIpiotXqpg0sn02980cbvqBkUluGnhMRVGvA-tUmh3d43nfUnogeXuJ5BwtE1Dt0_P9X5P7p1rdDodaKlR9np2Mg&amp;__tn__=*bH-R\"><img decoding=\"async\" src=\"https:\/\/scontent-muc2-1.xx.fbcdn.net\/v\/t39.30808-6\/353645860_281800420958067_2913532262200329242_n.jpg?stp=dst-jpg_p600x600&amp;_nc_cat=111&amp;ccb=1-7&amp;_nc_sid=730e14&amp;_nc_ohc=Mz_flSrl8H0AX8ZMSoD&amp;_nc_ht=scontent-muc2-1.xx&amp;oh=00_AfDDeej2Z7BNogG052nTiaB0Ek0tDMz6X1brrGEEO9OAqQ&amp;oe=648CFE61\" alt=\"\"\/><\/a><\/figure>\n\n\n\n<p><\/p>\n","protected":false},"excerpt":{"rendered":"<p>Regattabericht zum Start von Bock\/Hofmann bei der 61. Bamberger Regatta<\/p>\n","protected":false},"author":1,"featured_media":1024,"comment_status":"open","ping_status":"open","sticky":false,"template":"","format":"standard","meta":{"give_campaign_id":0,"_EventAllDay":false,"_EventTimezone":"","_EventStartDate":"","_EventEndDate":"","_EventStartDateUTC":"","_EventEndDateUTC":"","_EventShowMap":false,"_EventShowMapLink":false,"_EventURL":"","_EventCost":"","_EventCostDescription":"","_EventCurrencySymbol":"","_EventCurrencyCode":"","_EventCurrencyPosition":"","_EventDateTimeSeparator":"","_EventTimeRangeSeparator":"","_EventOrganizerID":[],"_EventVenueID":[],"_OrganizerEmail":"","_OrganizerPhone":"","_OrganizerWebsite":"","_VenueAddress":"","_VenueCity":"","_VenueCountry":"","_VenueProvince":"","_VenueState":"","_VenueZip":"","_VenuePhone":"","_VenueURL":"","_VenueStateProvince":"","_VenueLat":"","_VenueLng":"","_VenueShowMap":false,"_VenueShowMapLink":false,"footnotes":""},"categories":[1],"tags":[41,42,43,37,14,45,40,46,44],"class_list":["post-1023","post","type-post","status-publish","format-standard","has-post-thumbnail","hentry","category-krv-1897-news","tag-bamberg","tag-bock","tag-hofmann","tag-kitzingen","tag-krv","tag-masters","tag-regatta","tag-rennrudern","tag-schweinfurt"],"_links":{"self":[{"href":"https:\/\/krv1897.de\/index.php?rest_route=\/wp\/v2\/posts\/1023","targetHints":{"allow":["GET"]}}],"collection":[{"href":"https:\/\/krv1897.de\/index.php?rest_route=\/wp\/v2\/posts"}],"about":[{"href":"https:\/\/krv1897.de\/index.php?rest_route=\/wp\/v2\/types\/post"}],"author":[{"embeddable":true,"href":"https:\/\/krv1897.de\/index.php?rest_route=\/wp\/v2\/users\/1"}],"replies":[{"embeddable":true,"href":"https:\/\/krv1897.de\/index.php?rest_route=%2Fwp%2Fv2%2Fcomments&post=1023"}],"version-history":[{"count":5,"href":"https:\/\/krv1897.de\/index.php?rest_route=\/wp\/v2\/posts\/1023\/revisions"}],"predecessor-version":[{"id":1032,"href":"https:\/\/krv1897.de\/index.php?rest_route=\/wp\/v2\/posts\/1023\/revisions\/1032"}],"wp:featuredmedia":[{"embeddable":true,"href":"https:\/\/krv1897.de\/index.php?rest_route=\/wp\/v2\/media\/1024"}],"wp:attachment":[{"href":"https:\/\/krv1897.de\/index.php?rest_route=%2Fwp%2Fv2%2Fmedia&parent=1023"}],"wp:term":[{"taxonomy":"category","embeddable":true,"href":"https:\/\/krv1897.de\/index.php?rest_route=%2Fwp%2Fv2%2Fcategories&post=1023"},{"taxonomy":"post_tag","embeddable":true,"href":"https:\/\/krv1897.de\/index.php?rest_route=%2Fwp%2Fv2%2Ftags&post=1023"}],"curies":[{"name":"wp","href":"https:\/\/api.w.org\/{rel}","templated":true}]}}