{"id":1106,"date":"2023-09-25T18:37:20","date_gmt":"2023-09-25T18:37:20","guid":{"rendered":"https:\/\/krv1897.de\/?p=1106"},"modified":"2023-10-02T08:27:11","modified_gmt":"2023-10-02T08:27:11","slug":"sechs-regatta-premieren-und-ein-sieg-in-marbach","status":"publish","type":"post","link":"https:\/\/krv1897.de\/?p=1106","title":{"rendered":"Sechs Regatta-Premieren und ein Sieg in Marbach"},"content":{"rendered":"\n<p>Vor den Sommerferien setzten sich die Jugendlichen, Trainer und Betreuer beim Kitzinger Ruderverein zusammen. Schnell war klar: die Ferien werden durchtrainiert \u2013 mit zus\u00e4tzlichen Terminen. Der Grund? Die Jugendlichen zwischen 11 und 16 Jahren hatten sich Starts bei den Herbstregatten in Marbach und W\u00fcrzburg als Ziel gesetzt. Nach vielen Stunden auf dem Main war es am 23.9. soweit. In der Morgend\u00e4mmerung brach ein erstmals seit Jahren wieder vollbeladener KRV-Bootstrailer gen Neckar auf. Sechs Regattapremieren standen an.<\/p>\n\n\n\n<p>In der Jugend B, Leistungsklasse III, k\u00e4mpften Johanna Bilz (2007, 2:24min) und Johanna Hess (2007, 2:30min) leidenschaftlich und belegten die Pl\u00e4tze 3 und 4 in ihrem Rennen. Der Erfahrungsvorsprung der Konkurrentinnen aus Breisach und Friedrichshafen war 2023 jedoch noch zu gro\u00df. \u00c4hnlich erging es Justin Guarino (2008), bei den m\u00e4nnlichen B-Jugendlichen, Leistungsklasse III. Nach 500m Powerrudern standen 2:14min und Platz 4 auf der Uhr. Johanna Fexer (2010) belegt nach langer Wartezeit bei ihrer Premiere im Abendrennen der 13-j\u00e4hrigen M\u00e4dchen mit 2:34min Platz 2. Ebenfalls auf den zweiten Platz beim ersten Regattastart fuhr der erst 11-j\u00e4hrige Fabian Klinger mit 2:51min.<\/p>\n\n\n\n<p>Valentin Andonov, der im Sommer bereits in Leistungsklasse III in N\u00fcrnberg \u00fcber 500m gewinnen konnte, ging in Marbach in Leistungsklasse II Jugend B an den Start \u2013 und siegte auch hier mit 1:46,2 mit 3-4 Sekunden Vorsprung vor der Konkurrenz. Gutes Leistungsniveau wenige Wochen vor der Bocksbeutelregatta \u00fcber 4.500m.<\/p>\n\n\n\n<p>Auch die Betreuer der KRV-Kids Kilian Schiebel (Start f\u00fcr den ARC W\u00fcrzburg, 1997) und Daniel Nagl (1988) gingen in Marbach auf\u2019s Wasser; im Rennen der Senioren Leistungsklasse II auch gegeneinander, wie im Winter vereinbart. Nach Bootsschaden wenige Tage vor dem Rennen in ungewohntem Boot und technisch unsauber standen am Ende 2:00min auf Nagls Uhr. Unter dem eigenen Anspruch blieb auch Schiebel, der nach gezogenem Krebs mit 1:54min auf Platz 2 kam. Achselzuckend stellte Schiebel fest: \u201eHeute ging es darum, dass die Kids erfolgreich ins Leistungsrudern reinschnuppern konnten \u2013 und damit n\u00e4chstes Jahr motiviert dabeibleiben.\u201c<\/p>\n","protected":false},"excerpt":{"rendered":"<p>Bericht von der 500m-Regatta in Marbach auf dem Neckar<\/p>\n","protected":false},"author":1,"featured_media":1105,"comment_status":"open","ping_status":"open","sticky":false,"template":"","format":"standard","meta":{"give_campaign_id":0,"_EventAllDay":false,"_EventTimezone":"","_EventStartDate":"","_EventEndDate":"","_EventStartDateUTC":"","_EventEndDateUTC":"","_EventShowMap":false,"_EventShowMapLink":false,"_EventURL":"","_EventCost":"","_EventCostDescription":"","_EventCurrencySymbol":"","_EventCurrencyCode":"","_EventCurrencyPosition":"","_EventDateTimeSeparator":"","_EventTimeRangeSeparator":"","_EventOrganizerID":[],"_EventVenueID":[],"_OrganizerEmail":"","_OrganizerPhone":"","_OrganizerWebsite":"","_VenueAddress":"","_VenueCity":"","_VenueCountry":"","_VenueProvince":"","_VenueState":"","_VenueZip":"","_VenuePhone":"","_VenueURL":"","_VenueStateProvince":"","_VenueLat":"","_VenueLng":"","_VenueShowMap":false,"_VenueShowMapLink":false,"footnotes":""},"categories":[1],"tags":[65,96,94,68,97,14,93,56,40,59],"class_list":["post-1106","post","type-post","status-publish","format-standard","has-post-thumbnail","hentry","category-krv-1897-news","tag-andonov","tag-fexer","tag-hess","tag-jugend","tag-klinger","tag-krv","tag-marbach","tag-nagl","tag-regatta","tag-schiebel"],"_links":{"self":[{"href":"https:\/\/krv1897.de\/index.php?rest_route=\/wp\/v2\/posts\/1106","targetHints":{"allow":["GET"]}}],"collection":[{"href":"https:\/\/krv1897.de\/index.php?rest_route=\/wp\/v2\/posts"}],"about":[{"href":"https:\/\/krv1897.de\/index.php?rest_route=\/wp\/v2\/types\/post"}],"author":[{"embeddable":true,"href":"https:\/\/krv1897.de\/index.php?rest_route=\/wp\/v2\/users\/1"}],"replies":[{"embeddable":true,"href":"https:\/\/krv1897.de\/index.php?rest_route=%2Fwp%2Fv2%2Fcomments&post=1106"}],"version-history":[{"count":2,"href":"https:\/\/krv1897.de\/index.php?rest_route=\/wp\/v2\/posts\/1106\/revisions"}],"predecessor-version":[{"id":1169,"href":"https:\/\/krv1897.de\/index.php?rest_route=\/wp\/v2\/posts\/1106\/revisions\/1169"}],"wp:featuredmedia":[{"embeddable":true,"href":"https:\/\/krv1897.de\/index.php?rest_route=\/wp\/v2\/media\/1105"}],"wp:attachment":[{"href":"https:\/\/krv1897.de\/index.php?rest_route=%2Fwp%2Fv2%2Fmedia&parent=1106"}],"wp:term":[{"taxonomy":"category","embeddable":true,"href":"https:\/\/krv1897.de\/index.php?rest_route=%2Fwp%2Fv2%2Fcategories&post=1106"},{"taxonomy":"post_tag","embeddable":true,"href":"https:\/\/krv1897.de\/index.php?rest_route=%2Fwp%2Fv2%2Ftags&post=1106"}],"curies":[{"name":"wp","href":"https:\/\/api.w.org\/{rel}","templated":true}]}}