{"id":1194,"date":"2023-10-15T22:56:25","date_gmt":"2023-10-15T22:56:25","guid":{"rendered":"https:\/\/krv1897.de\/?p=1194"},"modified":"2023-12-12T21:51:40","modified_gmt":"2023-12-12T21:51:40","slug":"bocksbeutel-regatta-als-erfolgreicher-saisonabschluss-sieg-inklusive","status":"publish","type":"post","link":"https:\/\/krv1897.de\/?p=1194","title":{"rendered":"Bocksbeutel-Regatta als erfolgreicher Saisonabschluss (Sieg inklusive)"},"content":{"rendered":"\n<p>Die Bocksbeutelregatta in W\u00fcrzburg ist weit \u00fcber Mainfranken hinaus der Saisonabschluss, auf den sich hunderte Regatta-Ruderer jedes Jahr freuen. 2023 empfing W\u00fcrzburg sie jedoch mit Wind, heftigen B\u00f6en und entsprechend welligem Wasser. Genussvolles Rudern war nahezu ausgeschlossen. Kampfgeist und Durchhalteverm\u00f6gen waren gefragt. Die jungen Ruderer des Kitzinger Rudervereins von 1897 zeigten dies und fuhren am Ende einen \u00fcberraschenden Erfolg ein.<\/p>\n\n\n\n<p>Unter den widrigsten Bedingungen des Tages musste die J\u00fcngste, Johanna Fexer (13), am Morgen auf die 3km-Jugendstrecke. Mit tollen 15:05min (2:30,8\/500m) kam sie am Ende mit einer Sekunde R\u00fcckstand auf Rang 6 auf den 7. Platz. Erstmals im Doppelzweier gingen Johanna Hess (15) und Schlagfrau Johanna Bilz (16) an den Start \u2013 und erreichten mit 22:55min (2:32,8\/500m) \u00fcber 4,5km den zweiten Platz hinter dem erfahrenen Doppelzweier des Mannheimer RC. <\/p>\n\n\n\n<p>Jugendtrainer Kilian Schiebel, der nach dem Riggern der Boote und letzten Tipps an die drei KRV-M\u00e4dels, vom wei\u00dfen ins ARCW-gr\u00fcne Outfit gewechselt war, wollte \u00fcber die 4,5km wissen, inwieweit er und ARCW-Partner Richard Strunk im Doppelzweier mit den Leichtgewichts-Vizeweltmeistern Fabio Kress\/Joachim Agne (ARCW) und dem dtsch. Meister im Doppelzweier 2021 Emil Schmidberger mit Partner Philipp Kreitner (Stuttgarter RG) mithalten k\u00f6nnen. Mit 16:19min (1:48,8\/500m) und 53 Sekunden Vorsprung auf Rang 4 beziehungsweise 43 Sekunden R\u00fcckstand auf Schmidberger\/Kreiter und 62 Sekunden R\u00fcckstand auf Kress\/Agne war der 26-j\u00e4hrige Schlagmann zurecht mehr als zufrieden.<\/p>\n\n\n\n<p>Mit Spannung erwarteten Megi Andonova, KRV-Betreuer Daniel Nagl und zahlreiche mitgereiste Eltern der KRV-Jugend dann das Abschneiden des frischgebackenen bulgarischen B-Jugend-Meisters im Doppelzweier Valentin Andonov (15) im Einer \u00fcber die f\u00fcr ihn ungewohnte Langdistanz. Leander Stahl vom Schweinfurter RCF (18:49) und Franz Meerwald (18:56) teilten sich ihre Kr\u00e4fte bei kr\u00e4ftigem Gegenwind besser ein. Andonov errang, im Zielbereich lautstark angefeuert durch Sch\u00fclertrainer Walter Meyer, im Schlussspurt mit 19:20min (2:08,9\/500m) jedoch einen starken dritten Rang.<\/p>\n\n\n\n<p>F\u00fcr die \u00dcberraschung des Tages sorgte am Nachmittag KRV-Betreuer Daniel Nagl (35), bei seinem erst zweiten Regattastart, im Einer-Rennen in der Klasse Masters A (27-35J.). Im 38 Jahre alten, im Winter mit Dr. Michael Bed\u00f6 restaurierten 80kg-Holzskiff \u201eWasserl\u00e4ufer\u201c, tat sich der 96kg-Ruderer vor allem auf der ersten, nach wie vor von Wind und Wellen gepr\u00e4gten, Streckenh\u00e4lfte schwer. Ausgepowert aber mit 14 Sekunden Vorsprung auf den Zweitplatzierten \u00fcberquerte Nagl nach 18:35min (2:03,9\/500m) die Ziellinie unter dem Jubel der KRV-Jugendlichen.<br><br>Mehr Bilder unter <a href=\"https:\/\/www.instagram.com\/p\/CyZPhJBNIZl\/?img_index=1\"><mark style=\"background-color:rgba(0, 0, 0, 0)\" class=\"has-inline-color has-vivid-cyan-blue-color\">https:\/\/www.instagram.com\/p\/CyZPhJBNIZl\/?img_index=1<\/mark><\/a><\/p>\n","protected":false},"excerpt":{"rendered":"<p>Nagl siegt in Masters-A, Andonov 3. in Jugend-B, Hess\/Bilz 2. im Jugend-B 2x, Fexer 7. im 13w-1x<\/p>\n","protected":false},"author":1,"featured_media":1195,"comment_status":"open","ping_status":"open","sticky":false,"template":"","format":"standard","meta":{"give_campaign_id":0,"_EventAllDay":false,"_EventTimezone":"","_EventStartDate":"","_EventEndDate":"","_EventStartDateUTC":"","_EventEndDateUTC":"","_EventShowMap":false,"_EventShowMapLink":false,"_EventURL":"","_EventCost":"","_EventCostDescription":"","_EventCurrencySymbol":"","_EventCurrencyCode":"","_EventCurrencyPosition":"","_EventDateTimeSeparator":"","_EventTimeRangeSeparator":"","_EventOrganizerID":[],"_EventVenueID":[],"_OrganizerEmail":"","_OrganizerPhone":"","_OrganizerWebsite":"","_VenueAddress":"","_VenueCity":"","_VenueCountry":"","_VenueProvince":"","_VenueState":"","_VenueZip":"","_VenuePhone":"","_VenueURL":"","_VenueStateProvince":"","_VenueLat":"","_VenueLng":"","_VenueShowMap":false,"_VenueShowMapLink":false,"footnotes":""},"categories":[1],"tags":[65,95,104,96,94,21,105,106,107,34],"class_list":["post-1194","post","type-post","status-publish","format-standard","has-post-thumbnail","hentry","category-krv-1897-news","tag-andonov","tag-bilz","tag-bocksbeutel","tag-fexer","tag-hess","tag-rudern","tag-sieg","tag-wellen","tag-wind","tag-wuerzburg"],"_links":{"self":[{"href":"https:\/\/krv1897.de\/index.php?rest_route=\/wp\/v2\/posts\/1194","targetHints":{"allow":["GET"]}}],"collection":[{"href":"https:\/\/krv1897.de\/index.php?rest_route=\/wp\/v2\/posts"}],"about":[{"href":"https:\/\/krv1897.de\/index.php?rest_route=\/wp\/v2\/types\/post"}],"author":[{"embeddable":true,"href":"https:\/\/krv1897.de\/index.php?rest_route=\/wp\/v2\/users\/1"}],"replies":[{"embeddable":true,"href":"https:\/\/krv1897.de\/index.php?rest_route=%2Fwp%2Fv2%2Fcomments&post=1194"}],"version-history":[{"count":9,"href":"https:\/\/krv1897.de\/index.php?rest_route=\/wp\/v2\/posts\/1194\/revisions"}],"predecessor-version":[{"id":1254,"href":"https:\/\/krv1897.de\/index.php?rest_route=\/wp\/v2\/posts\/1194\/revisions\/1254"}],"wp:featuredmedia":[{"embeddable":true,"href":"https:\/\/krv1897.de\/index.php?rest_route=\/wp\/v2\/media\/1195"}],"wp:attachment":[{"href":"https:\/\/krv1897.de\/index.php?rest_route=%2Fwp%2Fv2%2Fmedia&parent=1194"}],"wp:term":[{"taxonomy":"category","embeddable":true,"href":"https:\/\/krv1897.de\/index.php?rest_route=%2Fwp%2Fv2%2Fcategories&post=1194"},{"taxonomy":"post_tag","embeddable":true,"href":"https:\/\/krv1897.de\/index.php?rest_route=%2Fwp%2Fv2%2Ftags&post=1194"}],"curies":[{"name":"wp","href":"https:\/\/api.w.org\/{rel}","templated":true}]}}