{"id":1216,"date":"2023-10-23T08:23:18","date_gmt":"2023-10-23T08:23:18","guid":{"rendered":"https:\/\/krv1897.de\/?p=1216"},"modified":"2023-10-23T08:33:52","modified_gmt":"2023-10-23T08:33:52","slug":"abrudern-nach-einer-mehr-als-zufriedenstellenden-rudersaison","status":"publish","type":"post","link":"https:\/\/krv1897.de\/?p=1216","title":{"rendered":"Abrudern nach einer mehr als zufriedenstellenden Rudersaison"},"content":{"rendered":"\n<p>In diesem Sommer sah man oft zahleiche Ruderboote auf dem Main. Der Eindruck t\u00e4uscht nicht. Der Kitzinger Ruderverein w\u00e4chst seit zwei Jahren. Auch das Abrudern, die letzte offizielle gemeinsame Ausfahrt der Rudersaison, fiel daher 2023 gr\u00f6\u00dfer aus. 29 Ruderer in acht Booten schickte Vorstand Dieter von der Kall bei herrlichstem Herbstwetter auf\u2019s Wasser. Sogar \u00fcber vierzig KRV\u2018ler fanden sich nach der Ausfahrt zum gemeinsamen Wei\u00dfwurstfr\u00fchschoppen im Ruderheimgarten ein und lie\u00dfen, ebenso wie von der Kall in seiner Ansprache, die Saison revuepassieren.<\/p>\n\n\n\n<p>Nicht nur, dass nach den Anf\u00e4ngerkursen im Fr\u00fchjahr auch 2023 zahlreiche neue Ruderkameraden zum KRV stie\u00dfen und an die verschiedenen Gruppen Anschluss fanden, war Grund zur Freude. Das Wanderruderwesen bl\u00fchte mit f\u00fcnf Wanderruderfahrten auf dem Main und der Spree auf. Durch das gro\u00dfe Engagement von Sportvorstand Dr. Michael Bed\u00f6 und Mitstreitern konnten drei historische Holzeiner restauriert und auf\u2019s Wasser zur\u00fcckgebracht werden. Mastersruderer Daniel Nagl holte mit einem der nachhaltig erhaltenen Boote sogar bei der Bocksbeutelregatta seinen zweiten Regattasieg nach dem Rhein-Neckar-Egocup im Februar. Durch die Bayerische Meisterschaft im Doppelzweier der Altersklasse G von Gerd Bock und Gerhard Hofmann sowie die Erfolge von B-Jugend-Ruderer Valentin Andonov in N\u00fcrnberg und Marbach fiel die Zahl der KRV-Regattasiege so hoch aus wie lange nicht mehr. Mit Freude wird jedoch vor allem die neue Sichtbarkeit einer im Sommer zusammengewachsenen Ruderjugend auf dem Main und bei ersten Regatten registriert. Insgesamt sieben Kinder und Jugendliche feierten, betreut von Thomas Kern, Kilian Schiebel, Jens K\u00fchn und Daniel Nagl, in diesem Jahr ihre Rennpr\u00e4mieren.<\/p>\n\n\n\n<p>Zuversichtlich blickt man beim KRV daher \u2013 auch wenn einige erfahrene Ruderer im Winter auf\u2019s Wasser gehen und auch in der Ergometer-Saison 2023\/24 Erfolge angestrebt werden \u2013 bereits jetzt auf die Rudersaison 2024.<br><br>Mehr Bilder vom Abrudern <a rel=\"noreferrer noopener\" href=\"https:\/\/www.instagram.com\/p\/CytfyjDNVVT\/?img_index=1\" target=\"_blank\"><mark style=\"background-color:rgba(0, 0, 0, 0)\" class=\"has-inline-color has-vivid-cyan-blue-color\">hier<\/mark><\/a><mark style=\"background-color:rgba(0, 0, 0, 0)\" class=\"has-inline-color has-vivid-cyan-blue-color\"> <\/mark> <\/p>\n","protected":false},"excerpt":{"rendered":"<p>Bericht und Bilder vom Abrudern 2023<\/p>\n","protected":false},"author":1,"featured_media":1218,"comment_status":"open","ping_status":"open","sticky":false,"template":"","format":"standard","meta":{"give_campaign_id":0,"_EventAllDay":false,"_EventTimezone":"","_EventStartDate":"","_EventEndDate":"","_EventStartDateUTC":"","_EventEndDateUTC":"","_EventShowMap":false,"_EventShowMapLink":false,"_EventURL":"","_EventCost":"","_EventCostDescription":"","_EventCurrencySymbol":"","_EventCurrencyCode":"","_EventCurrencyPosition":"","_EventDateTimeSeparator":"","_EventTimeRangeSeparator":"","_EventOrganizerID":[],"_EventVenueID":[],"_OrganizerEmail":"","_OrganizerPhone":"","_OrganizerWebsite":"","_VenueAddress":"","_VenueCity":"","_VenueCountry":"","_VenueProvince":"","_VenueState":"","_VenueZip":"","_VenuePhone":"","_VenueURL":"","_VenueStateProvince":"","_VenueLat":"","_VenueLng":"","_VenueShowMap":false,"_VenueShowMapLink":false,"footnotes":""},"categories":[1],"tags":[23,110,109,82,22],"class_list":["post-1216","post","type-post","status-publish","format-standard","has-post-thumbnail","hentry","category-krv-1897-news","tag-abrudern","tag-erfolge","tag-rueckblick","tag-von-der-kall","tag-wanderrudern"],"_links":{"self":[{"href":"https:\/\/krv1897.de\/index.php?rest_route=\/wp\/v2\/posts\/1216","targetHints":{"allow":["GET"]}}],"collection":[{"href":"https:\/\/krv1897.de\/index.php?rest_route=\/wp\/v2\/posts"}],"about":[{"href":"https:\/\/krv1897.de\/index.php?rest_route=\/wp\/v2\/types\/post"}],"author":[{"embeddable":true,"href":"https:\/\/krv1897.de\/index.php?rest_route=\/wp\/v2\/users\/1"}],"replies":[{"embeddable":true,"href":"https:\/\/krv1897.de\/index.php?rest_route=%2Fwp%2Fv2%2Fcomments&post=1216"}],"version-history":[{"count":9,"href":"https:\/\/krv1897.de\/index.php?rest_route=\/wp\/v2\/posts\/1216\/revisions"}],"predecessor-version":[{"id":1228,"href":"https:\/\/krv1897.de\/index.php?rest_route=\/wp\/v2\/posts\/1216\/revisions\/1228"}],"wp:featuredmedia":[{"embeddable":true,"href":"https:\/\/krv1897.de\/index.php?rest_route=\/wp\/v2\/media\/1218"}],"wp:attachment":[{"href":"https:\/\/krv1897.de\/index.php?rest_route=%2Fwp%2Fv2%2Fmedia&parent=1216"}],"wp:term":[{"taxonomy":"category","embeddable":true,"href":"https:\/\/krv1897.de\/index.php?rest_route=%2Fwp%2Fv2%2Fcategories&post=1216"},{"taxonomy":"post_tag","embeddable":true,"href":"https:\/\/krv1897.de\/index.php?rest_route=%2Fwp%2Fv2%2Ftags&post=1216"}],"curies":[{"name":"wp","href":"https:\/\/api.w.org\/{rel}","templated":true}]}}