{"id":1334,"date":"2024-03-07T15:25:37","date_gmt":"2024-03-07T15:25:37","guid":{"rendered":"https:\/\/krv1897.de\/?p=1334"},"modified":"2024-03-07T15:25:37","modified_gmt":"2024-03-07T15:25:37","slug":"krv-ruderer-starteten-beim-ergo-marathon-2024","status":"publish","type":"post","link":"https:\/\/krv1897.de\/?p=1334","title":{"rendered":"KRV-Ruderer starteten beim Ergo-Marathon 2024"},"content":{"rendered":"\n<p>42.195m Rudern. Ohne Str\u00f6mung. Gnadenlos gemessen von den Ruderger\u00e4ten der Firma Concept2. Was sich f\u00fcr viele Fitnessstudio-G\u00e4nger nach Folter anh\u00f6rt, hat beim Kitzinger Ruderverein eine gewisse Tradition. Vor knapp 15 Jahren stellte Leichtgewichtsruderer Mathias Auer diverse Rekorde auch auf dem Ergometer auf. Dann kehrte Ruhe ein. Jetzt meldet sich der KRV mit guten Ergebnissen auf der Langdistanz zur\u00fcck.<\/p>\n\n\n\n<p>Im Winter 2023\/24 bauten die Jugendtrainer des KRV darauf, die Teenager durch Wettbewerbsteilnahmen f\u00fcr die mitunter monotone Arbeit an der eigenen Physis auf den \u201eRudermaschinen\u201c begeistern zu k\u00f6nnen. Mit Erfolg. Drei KRV-Nachwuchssportler lieferten bereits bei der Deutschen Meisterschaft \u00fcber 30min solide Ergebnisse \u2013 Trainer Daniel Nagl gewann sogar. \u201eDas war aber erst das Vorspiel. Das Highlight, den Start beim Ergo-Marathon von DRV und Ruderei haben wir uns f\u00fcr das Ende der Wintersaison aufgehoben. Und ich bin richtig stolz auf die Kids\u201c, so Nagl am 3. M\u00e4rz.<\/p>\n\n\n\n<p>Online vom Kraftraum am Main aus ging die KRV-Jugend als einzige U18-Staffel an den Start und belegte mit 3:07:09 (2:13,3 Split) nach dem Ruderei-Bewertungsprinzip einen starken Platz 12 unter 17 Staffeln. Den Grundstein legte mit einer tollen Split-Zeit von 2:15,6 \u00fcber die Halbmarathondistanz der J\u00fcngste im KRV-Quartett Joseph Eisele (15). Auch Marie Feldrapp (17, Lgw.) lieferte mit 2:17,8 \u00fcber 10km stark ab, bevor Valentin Andonov (16) mit einer Split-Zeit von 1:49,0 \u00fcber 6km gar die schnellste Zeit aller 17 6km-Fahrer zog. Johanna Bilz (17, Lgw.) zog die ersten 4 von 5 Kilometer eine starke 2:18-Splitzeit \u2013 und k\u00e4mpfte auf den letzten 900m angefeuert durch ihre Kameraden tapfer gegen krampfende Armmuskulatur (finale Split-Zeit: 2:24,1)<\/p>\n\n\n\n<p>Als Einzelstarter ging Jugendcoach Nagl auf die 42.195m-Distanz und erzielte bei seiner Marathonpremiere mit 2:42:36 (1:55,6) hinter dem mehrfachen Weltrekordler Benjamin Reuter (2:27,04, Kiel) und knapp hinter Frank B\u00f6rner (2:42:04, Leipzig) in der Altersklasse 30-39 Platz 3 bzw. die viertbeste Zeit aller 68 Einzelstarter. Die zweitbeste Zeit (2:36:32) und damit einen neuen Leichtgewichtsweltrekord in der Altersklasse 50-54 zog \u2013 Mathias Auer, Cannstatt.<\/p>\n","protected":false},"excerpt":{"rendered":"<p>Nagl zieht 4. beste Zeit unter 68 Einzelstartern | KRV-Jugend belegt als einzige U18-Staffel Platz 12\/17<\/p>\n","protected":false},"author":1,"featured_media":1337,"comment_status":"open","ping_status":"open","sticky":false,"template":"","format":"standard","meta":{"give_campaign_id":0,"_EventAllDay":false,"_EventTimezone":"","_EventStartDate":"","_EventEndDate":"","_EventStartDateUTC":"","_EventEndDateUTC":"","_EventShowMap":false,"_EventShowMapLink":false,"_EventURL":"","_EventCost":"","_EventCostDescription":"","_EventCurrencySymbol":"","_EventCurrencyCode":"","_EventCurrencyPosition":"","_EventDateTimeSeparator":"","_EventTimeRangeSeparator":"","_EventOrganizerID":[],"_EventVenueID":[],"_OrganizerEmail":"","_OrganizerPhone":"","_OrganizerWebsite":"","_VenueAddress":"","_VenueCity":"","_VenueCountry":"","_VenueProvince":"","_VenueState":"","_VenueZip":"","_VenuePhone":"","_VenueURL":"","_VenueStateProvince":"","_VenueLat":"","_VenueLng":"","_VenueShowMap":false,"_VenueShowMapLink":false,"footnotes":""},"categories":[1],"tags":[65,132,95,130,119,68,133],"class_list":["post-1334","post","type-post","status-publish","format-standard","has-post-thumbnail","hentry","category-krv-1897-news","tag-andonov","tag-auer","tag-bilz","tag-ergomarathon","tag-feldrapp","tag-jugend","tag-ruderei"],"_links":{"self":[{"href":"https:\/\/krv1897.de\/index.php?rest_route=\/wp\/v2\/posts\/1334","targetHints":{"allow":["GET"]}}],"collection":[{"href":"https:\/\/krv1897.de\/index.php?rest_route=\/wp\/v2\/posts"}],"about":[{"href":"https:\/\/krv1897.de\/index.php?rest_route=\/wp\/v2\/types\/post"}],"author":[{"embeddable":true,"href":"https:\/\/krv1897.de\/index.php?rest_route=\/wp\/v2\/users\/1"}],"replies":[{"embeddable":true,"href":"https:\/\/krv1897.de\/index.php?rest_route=%2Fwp%2Fv2%2Fcomments&post=1334"}],"version-history":[{"count":2,"href":"https:\/\/krv1897.de\/index.php?rest_route=\/wp\/v2\/posts\/1334\/revisions"}],"predecessor-version":[{"id":1338,"href":"https:\/\/krv1897.de\/index.php?rest_route=\/wp\/v2\/posts\/1334\/revisions\/1338"}],"wp:featuredmedia":[{"embeddable":true,"href":"https:\/\/krv1897.de\/index.php?rest_route=\/wp\/v2\/media\/1337"}],"wp:attachment":[{"href":"https:\/\/krv1897.de\/index.php?rest_route=%2Fwp%2Fv2%2Fmedia&parent=1334"}],"wp:term":[{"taxonomy":"category","embeddable":true,"href":"https:\/\/krv1897.de\/index.php?rest_route=%2Fwp%2Fv2%2Fcategories&post=1334"},{"taxonomy":"post_tag","embeddable":true,"href":"https:\/\/krv1897.de\/index.php?rest_route=%2Fwp%2Fv2%2Ftags&post=1334"}],"curies":[{"name":"wp","href":"https:\/\/api.w.org\/{rel}","templated":true}]}}