{"id":1450,"date":"2024-05-17T16:09:35","date_gmt":"2024-05-17T16:09:35","guid":{"rendered":"https:\/\/krv1897.de\/?p=1450"},"modified":"2024-05-17T16:12:17","modified_gmt":"2024-05-17T16:12:17","slug":"wir-trauern-um-unser-ehrenmitglied-gerhard-tyroler","status":"publish","type":"post","link":"https:\/\/krv1897.de\/?p=1450","title":{"rendered":"Wir trauern um unser Ehrenmitglied Gerhard Tyroler"},"content":{"rendered":"\n<p>Wir nehmen Abschied von unserem Ehrenmitglied<br><strong>Herrn Gerhard Tyroler<\/strong><\/p>\n\n\n\n<p>Gerhard Tyroler war seit 1953 Mitglied und des Kitzinger Rudervereins von 1897.<br>Von 1954 bis 1982 war er in verschiedenen \u00c4mtern f\u00fcr den KRV ehrenamtlich t\u00e4tig.<br><br>F\u00fcr seine besonderen Verdienste und langj\u00e4hrige Mitgliedschaft<br>wurde ihm 1997 die Ehrenmitgliedschaft verliehen.<br><br>Gerhard war zudem Tr\u00e4ger der Ehrennadel des KRV und des<br>Deutschen Ruderverbandes sowie der Verdienstnadel des BLSV<br>F\u00fcr sein Wirken und seine langj\u00e4hrige Treue zum Verein<br>bedanken wir uns bei Gerhard Tyroler.<br><br>Wir werden sein Andenken stets in Ehren halten.<\/p>\n","protected":false},"excerpt":{"rendered":"<p>Von 1954 bis 1982 war Gerhard Tyroler in verschiedenen \u00c4mtern f\u00fcr den KRV ehrenamtlich t\u00e4tig. 1997 wurde ihm die Ehrenmitgliedschaft verliehen.<\/p>\n","protected":false},"author":1,"featured_media":1451,"comment_status":"open","ping_status":"open","sticky":false,"template":"","format":"standard","meta":{"give_campaign_id":0,"_EventAllDay":false,"_EventTimezone":"","_EventStartDate":"","_EventEndDate":"","_EventStartDateUTC":"","_EventEndDateUTC":"","_EventShowMap":false,"_EventShowMapLink":false,"_EventURL":"","_EventCost":"","_EventCostDescription":"","_EventCurrencySymbol":"","_EventCurrencyCode":"","_EventCurrencyPosition":"","_EventDateTimeSeparator":"","_EventTimeRangeSeparator":"","_EventOrganizerID":[],"_EventVenueID":[],"_OrganizerEmail":"","_OrganizerPhone":"","_OrganizerWebsite":"","_VenueAddress":"","_VenueCity":"","_VenueCountry":"","_VenueProvince":"","_VenueState":"","_VenueZip":"","_VenuePhone":"","_VenueURL":"","_VenueStateProvince":"","_VenueLat":"","_VenueLng":"","_VenueShowMap":false,"_VenueShowMapLink":false,"footnotes":""},"categories":[1],"tags":[14,139,138],"class_list":["post-1450","post","type-post","status-publish","format-standard","has-post-thumbnail","hentry","category-krv-1897-news","tag-krv","tag-traueranzeige","tag-tyroler"],"_links":{"self":[{"href":"https:\/\/krv1897.de\/index.php?rest_route=\/wp\/v2\/posts\/1450","targetHints":{"allow":["GET"]}}],"collection":[{"href":"https:\/\/krv1897.de\/index.php?rest_route=\/wp\/v2\/posts"}],"about":[{"href":"https:\/\/krv1897.de\/index.php?rest_route=\/wp\/v2\/types\/post"}],"author":[{"embeddable":true,"href":"https:\/\/krv1897.de\/index.php?rest_route=\/wp\/v2\/users\/1"}],"replies":[{"embeddable":true,"href":"https:\/\/krv1897.de\/index.php?rest_route=%2Fwp%2Fv2%2Fcomments&post=1450"}],"version-history":[{"count":3,"href":"https:\/\/krv1897.de\/index.php?rest_route=\/wp\/v2\/posts\/1450\/revisions"}],"predecessor-version":[{"id":1454,"href":"https:\/\/krv1897.de\/index.php?rest_route=\/wp\/v2\/posts\/1450\/revisions\/1454"}],"wp:featuredmedia":[{"embeddable":true,"href":"https:\/\/krv1897.de\/index.php?rest_route=\/wp\/v2\/media\/1451"}],"wp:attachment":[{"href":"https:\/\/krv1897.de\/index.php?rest_route=%2Fwp%2Fv2%2Fmedia&parent=1450"}],"wp:term":[{"taxonomy":"category","embeddable":true,"href":"https:\/\/krv1897.de\/index.php?rest_route=%2Fwp%2Fv2%2Fcategories&post=1450"},{"taxonomy":"post_tag","embeddable":true,"href":"https:\/\/krv1897.de\/index.php?rest_route=%2Fwp%2Fv2%2Ftags&post=1450"}],"curies":[{"name":"wp","href":"https:\/\/api.w.org\/{rel}","templated":true}]}}