{"id":1522,"date":"2024-07-31T09:17:52","date_gmt":"2024-07-31T09:17:52","guid":{"rendered":"https:\/\/krv1897.de\/?p=1522"},"modified":"2024-07-31T09:17:52","modified_gmt":"2024-07-31T09:17:52","slug":"andonov-holt-bronze-bei-der-bayerischen-meisterschaft","status":"publish","type":"post","link":"https:\/\/krv1897.de\/?p=1522","title":{"rendered":"Andonov holt Bronze bei der Bayerischen Meisterschaft"},"content":{"rendered":"\n<p>Im Sommer 2023 begann eine Aufbauarbeit beim Kitzinger Ruderverein. Ziel? Wieder mit jugendlichen Athleten an Regatten teilnehmen. Nach Premieren auf der Kurzstrecke in Marbach und \u00fcber 4,5km in W\u00fcrzburg im Herbst 2023 sowie intensiver Winterarbeit auf dem Ergo, meinte es das Fr\u00fchjahr nicht gut. Von drei Regatten fand nur die Kurzstrecke in N\u00fcrnberg statt. \u201eF\u00fcr die Teens w\u00e4re mehr Rennerfahrung vor der Bayerischen gut gewesen\u201c, so Trainer Kilian Schiebel.<\/p>\n\n\n\n<p>Ende Juli stellten sich die KRV\u2018ler auf der Olympiaregattastrecke Oberschlei\u00dfheim der Konkurrenz. Auch Trainer Daniel Nagl feierte am Samstag Premiere \u00fcber 1.000m. Nach windbedingten Problemen am Start und Zickzackfahrt in der ungewohnten Bahn \u00fcber 250m stand am Ende Platz 5 bei den Masters B\/C mit 4:04min. Unter den eigenen Anspr\u00fcchen. Besser machte es die KRV-Jugend am Sonntag. Johanna Bilz f\u00fchrte ihren Vorlauf \u00fcber 250m an, konnte auf der zweiten H\u00e4lfte aber nicht ganz mit der erfahreneren Konkurrenz aus Aschaffen-, Regens- und W\u00fcrzburg mithalten. 2,3 Sekunden trennten sie mit starken 4:34min vom Finaleinzug. Im 2. Vorlauf h\u00e4tte es mit 0,2sec nicht gereicht. Platz 7 bedeuten f\u00fcr Bilz, die 2025 erneut im Einer Jugend A Leichtgewicht angreifen kann, einen gelungenen Einstand auf Landesebene \u2013 nach nur einem Jahr im Boot! Knapp besser, als Sechste, ins Ziel kam bei den M\u00e4dchen 14 Johanna Fexer. Mit 4:48min konnte sie ihre in N\u00fcrnberg gezeigte Zeit von 2:20\/500m bei ihrem ersten Start \u00fcber 1.000m nahezu halten.<\/p>\n\n\n\n<p>Den H\u00f6hepunkt setzte erneut Valentin Andonov im Einer der Junioren A. Im Vorlauf mit 3:41min Schnellster hielt er im Finale trotz schwererem Boot lange mit Simon Namer (Erlangen) und Jonas Walter (Kaufering) mit. Wie in der Vorwoche kam Andonov mit famosen 3:35min auf Platz 3 knapp hinter Walter (-2,1sec) ins Ziel, mit -4,2sec auf Sieger Namer. \u201eKeine letzten Pl\u00e4tze. Die Entwicklung der M\u00e4dels gibt Grund zur Freude, auch wenn Konkurrentinnen mit Erfahrungsvorsprung und h\u00f6herem Trainingspensum noch nicht ge\u00e4rgert werden konnten. Und vor dem, was Valentin mit seiner Mutter Megi als Trainerin in den letzten Jahren aufgebaut hat, kann man nur den Hut ziehen \u201c, fasste Nagl die Regatta zusammen.<\/p>\n","protected":false},"excerpt":{"rendered":"<p>Platz 7, 6, 5 und 3 f\u00fcr den seit langem wieder mit einer kleinen, jungen Delegation bei der Bayerischen Meisterschaft startenden Kitzinger Ruderverein<\/p>\n","protected":false},"author":1,"featured_media":1523,"comment_status":"open","ping_status":"open","sticky":false,"template":"","format":"standard","meta":{"give_campaign_id":0,"_EventAllDay":false,"_EventTimezone":"","_EventStartDate":"","_EventEndDate":"","_EventStartDateUTC":"","_EventEndDateUTC":"","_EventShowMap":false,"_EventShowMapLink":false,"_EventURL":"","_EventCost":"","_EventCostDescription":"","_EventCurrencySymbol":"","_EventCurrencyCode":"","_EventCurrencyPosition":"","_EventDateTimeSeparator":"","_EventTimeRangeSeparator":"","_EventOrganizerID":[],"_EventVenueID":[],"_OrganizerEmail":"","_OrganizerPhone":"","_OrganizerWebsite":"","_VenueAddress":"","_VenueCity":"","_VenueCountry":"","_VenueProvince":"","_VenueState":"","_VenueZip":"","_VenuePhone":"","_VenueURL":"","_VenueStateProvince":"","_VenueLat":"","_VenueLng":"","_VenueShowMap":false,"_VenueShowMapLink":false,"footnotes":""},"categories":[1],"tags":[153,71,127,96,68,29,14,56,40],"class_list":["post-1522","post","type-post","status-publish","format-standard","has-post-thumbnail","hentry","category-krv-1897-news","tag-153","tag-bayerische-meisterschaft","tag-bronze","tag-fexer","tag-jugend","tag-kitzinger-ruderverein","tag-krv","tag-nagl","tag-regatta"],"_links":{"self":[{"href":"https:\/\/krv1897.de\/index.php?rest_route=\/wp\/v2\/posts\/1522","targetHints":{"allow":["GET"]}}],"collection":[{"href":"https:\/\/krv1897.de\/index.php?rest_route=\/wp\/v2\/posts"}],"about":[{"href":"https:\/\/krv1897.de\/index.php?rest_route=\/wp\/v2\/types\/post"}],"author":[{"embeddable":true,"href":"https:\/\/krv1897.de\/index.php?rest_route=\/wp\/v2\/users\/1"}],"replies":[{"embeddable":true,"href":"https:\/\/krv1897.de\/index.php?rest_route=%2Fwp%2Fv2%2Fcomments&post=1522"}],"version-history":[{"count":1,"href":"https:\/\/krv1897.de\/index.php?rest_route=\/wp\/v2\/posts\/1522\/revisions"}],"predecessor-version":[{"id":1524,"href":"https:\/\/krv1897.de\/index.php?rest_route=\/wp\/v2\/posts\/1522\/revisions\/1524"}],"wp:featuredmedia":[{"embeddable":true,"href":"https:\/\/krv1897.de\/index.php?rest_route=\/wp\/v2\/media\/1523"}],"wp:attachment":[{"href":"https:\/\/krv1897.de\/index.php?rest_route=%2Fwp%2Fv2%2Fmedia&parent=1522"}],"wp:term":[{"taxonomy":"category","embeddable":true,"href":"https:\/\/krv1897.de\/index.php?rest_route=%2Fwp%2Fv2%2Fcategories&post=1522"},{"taxonomy":"post_tag","embeddable":true,"href":"https:\/\/krv1897.de\/index.php?rest_route=%2Fwp%2Fv2%2Ftags&post=1522"}],"curies":[{"name":"wp","href":"https:\/\/api.w.org\/{rel}","templated":true}]}}