{"id":1555,"date":"2024-09-23T09:27:47","date_gmt":"2024-09-23T09:27:47","guid":{"rendered":"https:\/\/krv1897.de\/?p=1555"},"modified":"2024-09-23T09:29:21","modified_gmt":"2024-09-23T09:29:21","slug":"bilz-und-shala-gewinnen-ueber-500m-in-grossauheim","status":"publish","type":"post","link":"https:\/\/krv1897.de\/?p=1555","title":{"rendered":"Bilz und Shala gewinnen \u00fcber 500m in Gro\u00dfauheim"},"content":{"rendered":"\n<p>Leistungsorientiertes Rudern feiert ein Comeback beim Kitzinger Ruderverein. Seit 2022 trainiert Valentin Andonov (16) mit Mutter Megi, um sich auf (inter)nationaler Ebene zu beweisen. Seit 2023 entstand au\u00dferdem eine kleine Trainingsgruppe unter Leitung von Dr. Daniel Nagl, die 2024 erste Achtungserfolge feiert. Zwei junge Athleten, Lorik Shala (12) und Johanna Bilz (17), starteten im September erfolgreich bei der Regatta \u00fcber 500 Meter in Gro\u00dfauheim am Main, betreut durch die KRV-Masters Gerd Bock und Gerhard Hoffmann.<\/p>\n\n\n\n<p>Shala wiederholte, was ihm schon bei seiner Ergometer-Regatta-Premiere im Februar gelang: Nach einem Jahr im Ruderboot startete er im Einer \u2013 der herausforderndsten Bootsklasse \u2013 und gewann mit 2:22,0 auch auf Wasser sein erstes Rennen bei den Jungen 11\/12 Leistungsklasse 3; 1,9 bzw. 11,5 Sekunden vor der Konkurrenz aus H\u00f6chst und Limburg. Am zweiten Renntag konnte Shala auch in Leistungsklasse 2 lange mit der Konkurrenz aus B\u00fcgel und Aschaffenburg mithalten. Ein \u201eKrebs\u201c (H\u00e4ngenbleiben eines Skulls beim Ausheben) nach 400m warf ihn aber auf den dritten Platz zur\u00fcck \u2013 mit einer auf 2:17,9 verbesserten Zeit!<\/p>\n\n\n\n<p>Ebenfalls erst ein Jahr im Ruderboot sitzt Johanna Bilz. Die f\u00fcr eine Ruderin kleine Sportlerin bringt aus Turn- und Leichtathletikausbildung bei der TGK eine ausgezeichnete Physis und K\u00e4mpfernatur mit und ruderte im Juli bei der Bayerischen Meisterschaft bereits die 7. schnellste Zeit \u00fcber 1000m in ihrer Klasse \u201eEiner U19 weiblich Leichtgewicht\u201c. In Gro\u00dfauheim stand Bilz \u00fcber 500m nun zwei Mal in der Leistungsklasse 3 ganz oben auf dem Treppchen. Am ersten Tag lag sie 7,4 Sekunden vor Fabienne Fitz aus Gro\u00dfauheim. Mit 2:03,2 verbesserte Bilz ihre bisherige Bestzeit um \u00fcber 4 Sekunden und w\u00e4re in Leistungsgruppe 2 im Fotofinish auf Platz 2 gelandet. Am zweiten Tag missgl\u00fcckte ihr zwar der sie auszeichnende druckvolle Start. 2:10,6 reichten mit 6,8sec Vorsprung aber erneut zum Sieg.<\/p>\n\n\n\n<p>\u201eLorik, Johanna und Valentin k\u00f6nnen selbstbewusst auf der Langstrecke Mitte Oktober angreifen. Ich bin gespannt, ob wir als KRV dieses Jahr mehr Siege in W\u00fcrzburg feiern k\u00f6nnen\u201c, h\u00e4ngt Nagl die Latte f\u00fcr die Jugendlichen ein St\u00fcck h\u00f6her.<\/p>\n","protected":false},"excerpt":{"rendered":"<p>2x Gold f\u00fcr Johanna Bilz in JFA 1x Lgw III und 1x Gold f\u00fcr Lorik Shala bei seiner Premiere bei den Jungen 11\/12 1x III in Gro\u00dfauheim. <\/p>\n","protected":false},"author":1,"featured_media":1556,"comment_status":"open","ping_status":"open","sticky":false,"template":"","format":"standard","meta":{"give_campaign_id":0,"_EventAllDay":false,"_EventTimezone":"","_EventStartDate":"","_EventEndDate":"","_EventStartDateUTC":"","_EventEndDateUTC":"","_EventShowMap":false,"_EventShowMapLink":false,"_EventURL":"","_EventCost":"","_EventCostDescription":"","_EventCurrencySymbol":"","_EventCurrencyCode":"","_EventCurrencyPosition":"","_EventDateTimeSeparator":"","_EventTimeRangeSeparator":"","_EventOrganizerID":[],"_EventVenueID":[],"_OrganizerEmail":"","_OrganizerPhone":"","_OrganizerWebsite":"","_VenueAddress":"","_VenueCity":"","_VenueCountry":"","_VenueProvince":"","_VenueState":"","_VenueZip":"","_VenuePhone":"","_VenueURL":"","_VenueStateProvince":"","_VenueLat":"","_VenueLng":"","_VenueShowMap":false,"_VenueShowMapLink":false,"footnotes":""},"categories":[1],"tags":[170,95,42,149,169,72,68,14,124,105],"class_list":["post-1555","post","type-post","status-publish","format-standard","has-post-thumbnail","hentry","category-krv-1897-news","tag-1x","tag-bilz","tag-bock","tag-gold","tag-grossauheim","tag-hoffmann","tag-jugend","tag-krv","tag-shala","tag-sieg"],"_links":{"self":[{"href":"https:\/\/krv1897.de\/index.php?rest_route=\/wp\/v2\/posts\/1555","targetHints":{"allow":["GET"]}}],"collection":[{"href":"https:\/\/krv1897.de\/index.php?rest_route=\/wp\/v2\/posts"}],"about":[{"href":"https:\/\/krv1897.de\/index.php?rest_route=\/wp\/v2\/types\/post"}],"author":[{"embeddable":true,"href":"https:\/\/krv1897.de\/index.php?rest_route=\/wp\/v2\/users\/1"}],"replies":[{"embeddable":true,"href":"https:\/\/krv1897.de\/index.php?rest_route=%2Fwp%2Fv2%2Fcomments&post=1555"}],"version-history":[{"count":2,"href":"https:\/\/krv1897.de\/index.php?rest_route=\/wp\/v2\/posts\/1555\/revisions"}],"predecessor-version":[{"id":1558,"href":"https:\/\/krv1897.de\/index.php?rest_route=\/wp\/v2\/posts\/1555\/revisions\/1558"}],"wp:featuredmedia":[{"embeddable":true,"href":"https:\/\/krv1897.de\/index.php?rest_route=\/wp\/v2\/media\/1556"}],"wp:attachment":[{"href":"https:\/\/krv1897.de\/index.php?rest_route=%2Fwp%2Fv2%2Fmedia&parent=1555"}],"wp:term":[{"taxonomy":"category","embeddable":true,"href":"https:\/\/krv1897.de\/index.php?rest_route=%2Fwp%2Fv2%2Fcategories&post=1555"},{"taxonomy":"post_tag","embeddable":true,"href":"https:\/\/krv1897.de\/index.php?rest_route=%2Fwp%2Fv2%2Ftags&post=1555"}],"curies":[{"name":"wp","href":"https:\/\/api.w.org\/{rel}","templated":true}]}}