{"id":1695,"date":"2025-03-02T23:13:29","date_gmt":"2025-03-02T23:13:29","guid":{"rendered":"https:\/\/krv1897.de\/?p=1695"},"modified":"2025-03-02T23:22:08","modified_gmt":"2025-03-02T23:22:08","slug":"auch-bayerischer-meister-geht-nach-kitzingen","status":"publish","type":"post","link":"https:\/\/krv1897.de\/?p=1695","title":{"rendered":"Bayerischer Meister kommt vom KRV 1897"},"content":{"rendered":"\n<p>Nach Erfolgen bei der internationalen deutschen Meisterschaft im Ergometer-Rudern \u00fcber 30 Minuten Ende Februar ging es f\u00fcr die Sportler des Kitzinger Rudervereins am 1. M\u00e4rz zur Bayerischen Meisterschaft. In Deggendorf galt es, je nach Altersklasse, Distanzen zwischen 1.000 und 2.000 Meter z\u00fcgig zu bew\u00e4ltigen. Am Ende hatte der KRV erneut Grund zum Feiern.<\/p>\n\n\n\n<p>Zwar war durch die Vorbelastung der Vorwoche und erk\u00e4ltungsbedingten Ausf\u00e4llen nur eine verkleinerte Delegation an die Donau aufgebrochen. Diese verbesserte aber einmal mehr, angetrieben durch die Betreuer Daniel Nagl und Marie Feldrapp, ihre pers\u00f6nlichen Bestzeiten.<\/p>\n\n\n\n<p>Den Anfang machte bei den Juniorinnen B die 14-j\u00e4hrige Johanna Fexer. Sie erreichte mit 6:15,5 (2:05) exakt die angestrebte Zeit. Ihr gelang es somit ihre letztj\u00e4hrige 1.000m-Splitzeit auf die 1.500m-Distanz zu \u00fcbertragen. Im schnelleren der beiden Vorl\u00e4ufe landete Fexer undankbar auf Platz 5 und damit im B-Finale. Dort zeigte sie sich am Nachmittag couragiert und landete mit 6:17,3 auf einem geteilten zweiten Platz.<\/p>\n\n\n\n<p>Der 12-j\u00e4hrige Lorik Shala verkaufte sich im Rennen der Jungen 13\/14 stark. Zwar schrammte er mit 4:02,5 \u00fcber 1.000m knapp am erkl\u00e4rten Saisonziel Sub400 vorbei. Shala erzielte jedoch als junger Jahrgang einen mehr als achtbaren 3. Platz und verbesserte seine Bestzeit um knapp zwei Sekunden.<\/p>\n\n\n\n<p>John \u201eJake\u201c Sarjeant feierte in Deggendorf Regattapremiere, nachdem er im Dezember nach zweij\u00e4hriger Pause wieder ins Training eingestiegen war. Im erst zweiten Versuch \u00fcber die harte 2.000m-Distanz war Sub800 das Ziel des 16-J\u00e4hrigen. Mit 7:49,2 (1:52,6) erreichte er dies und verbesserte seine Bestzeit damit um rund 12 Sekunden.<\/p>\n\n\n\n<p>Leicht angeschlagen ging KRV-Trainer Daniel Nagl in der offenen Seniorenklasse \u00fcber 2.000m an den Start. Sein Ziel: mit 36 Jahren erstmals Sub620 fahren. Dies gelang. 6:18,5 (1:33,1, 1:35,2, 1:35,4, 1:34,8) bedeuten eine um zwei Sekunden verbesserte Bestzeit und den Titel des Bayerischen Meisters; erneut mit Tagesbestzeit. Dies und die Leistung der Jugendliche wurde nat\u00fcrlich nach R\u00fcckkehr zum KRV noch mit Pizza gefeiert.<br><br>Foto: Michael Fexer<\/p>\n","protected":false},"excerpt":{"rendered":"<p>Kitzinger Sportler verbesserten ihre Bestzeiten bei der Bay. Meisterschaft. Nagl erneut mit Tagesbestzeit Meister.<\/p>\n","protected":false},"author":1,"featured_media":1696,"comment_status":"open","ping_status":"open","sticky":false,"template":"","format":"standard","meta":{"give_campaign_id":0,"_EventAllDay":false,"_EventTimezone":"","_EventStartDate":"","_EventEndDate":"","_EventStartDateUTC":"","_EventEndDateUTC":"","_EventShowMap":false,"_EventShowMapLink":false,"_EventURL":"","_EventCost":"","_EventCostDescription":"","_EventCurrencySymbol":"","_EventCurrencyCode":"","_EventCurrencyPosition":"","_EventDateTimeSeparator":"","_EventTimeRangeSeparator":"","_EventOrganizerID":[],"_EventVenueID":[],"_OrganizerEmail":"","_OrganizerPhone":"","_OrganizerWebsite":"","_VenueAddress":"","_VenueCity":"","_VenueCountry":"","_VenueProvince":"","_VenueState":"","_VenueZip":"","_VenuePhone":"","_VenueURL":"","_VenueStateProvince":"","_VenueLat":"","_VenueLng":"","_VenueShowMap":false,"_VenueShowMapLink":false,"footnotes":""},"categories":[1],"tags":[71,207,113,119,37,21,208,124,209],"class_list":["post-1695","post","type-post","status-publish","format-standard","has-post-thumbnail","hentry","category-krv-1897-news","tag-bayerische-meisterschaft","tag-deggendorf","tag-ergometer","tag-feldrapp","tag-kitzingen","tag-rudern","tag-sarjeant","tag-shala","tag-sub620"],"_links":{"self":[{"href":"https:\/\/krv1897.de\/index.php?rest_route=\/wp\/v2\/posts\/1695","targetHints":{"allow":["GET"]}}],"collection":[{"href":"https:\/\/krv1897.de\/index.php?rest_route=\/wp\/v2\/posts"}],"about":[{"href":"https:\/\/krv1897.de\/index.php?rest_route=\/wp\/v2\/types\/post"}],"author":[{"embeddable":true,"href":"https:\/\/krv1897.de\/index.php?rest_route=\/wp\/v2\/users\/1"}],"replies":[{"embeddable":true,"href":"https:\/\/krv1897.de\/index.php?rest_route=%2Fwp%2Fv2%2Fcomments&post=1695"}],"version-history":[{"count":6,"href":"https:\/\/krv1897.de\/index.php?rest_route=\/wp\/v2\/posts\/1695\/revisions"}],"predecessor-version":[{"id":1702,"href":"https:\/\/krv1897.de\/index.php?rest_route=\/wp\/v2\/posts\/1695\/revisions\/1702"}],"wp:featuredmedia":[{"embeddable":true,"href":"https:\/\/krv1897.de\/index.php?rest_route=\/wp\/v2\/media\/1696"}],"wp:attachment":[{"href":"https:\/\/krv1897.de\/index.php?rest_route=%2Fwp%2Fv2%2Fmedia&parent=1695"}],"wp:term":[{"taxonomy":"category","embeddable":true,"href":"https:\/\/krv1897.de\/index.php?rest_route=%2Fwp%2Fv2%2Fcategories&post=1695"},{"taxonomy":"post_tag","embeddable":true,"href":"https:\/\/krv1897.de\/index.php?rest_route=%2Fwp%2Fv2%2Ftags&post=1695"}],"curies":[{"name":"wp","href":"https:\/\/api.w.org\/{rel}","templated":true}]}}