{"id":1736,"date":"2025-03-31T15:44:37","date_gmt":"2025-03-31T15:44:37","guid":{"rendered":"https:\/\/krv1897.de\/?p=1736"},"modified":"2025-03-31T15:44:37","modified_gmt":"2025-03-31T15:44:37","slug":"mit-hadeloga-back-on-the-water-anrudern-2025","status":"publish","type":"post","link":"https:\/\/krv1897.de\/?p=1736","title":{"rendered":"Mit &#8222;Hadeloga&#8220; back on the water &#8211; Anrudern 2025"},"content":{"rendered":"\n<p>42.049 Kilometer waren es 2024. Mehr als einmal um die Welt. Und das, obwohl Hochwasser und Str\u00f6mung im Januar und April dazu f\u00fchrten, dass auch die Boote der \u201eWinterruderer\u201c in der Bootshalle des Kitzinger Rudervereins blieben. Wie viele es wohl im Jahr 2025 werden?<\/p>\n\n\n\n<p>Beim sonnigen, jedoch frostigen offiziellen Anrudern Mitte M\u00e4rz zeigte sich Vorstand Dieter von der Kall optimistisch. Einige Kilometer mehr d\u00fcrften es werden. Denn nicht nur die Mitgliederzahl im altehrw\u00fcrdigen Kitzinger Ruderverein sei konstant. Nein, seit zwei Jahren nimmt die Zahl aktiver Kameradinnen und Kameraden dank ausgebuchter Anf\u00e4ngerkurse stetig zu. Und auch die Winterkurse auf den Ergometern wurden sehr gut angenommen. Ob es an der Anfang April anstehenden ersten Regatta seit \u00fcber 40 Jahren in Kitzingen liegt?<\/p>\n\n\n\n<p>Vielleicht aber auch am im Herbst eingetroffenen neuen gesteuerten Doppelsechser. \u201eEin Boot, dass auf keiner Regatta fahren wird. In ihm sollen Alt und Jung, Anf\u00e4nger und Fortgeschrittene gemeinsam den Main erleben. Es st\u00e4rkt unsere Gemeinschaft und unser Profil als Gesundheitssportverein\u201c, so von der Kall.<\/p>\n\n\n\n<p>Nachdem die Kitzinger Ruderer, intoniert von der Ruderjugend Styx \u201eTake me back, to my boat on the water\u201c nicht unbedingt harmonisch, aber erkennbar sehnsuchtsvoll angestimmt hatten, schritt Landr\u00e4tin Tamara Bischof zur Tat. Sie und ihr B\u00fcro hatten den KRV bei der Antragstellung f\u00fcr eine LEADER-F\u00f6rderung f\u00fcr den 6x+ beraten. Mit Erfolg. Mit rund 23.000 Euro unterst\u00fctzt die EU Wassersport und Naturerlebnis auf dem Main. Landr\u00e4tin Bischof geb\u00fchrte deshalb die Ehre, die gelbe Startfahne schwingend, drei\u00dfig 30 KRV-Ruderer zwischen 14 und 88 Jahren in sechs Mannschafsbooten, in die Saison 2025 zu schicken.<\/p>\n\n\n\n<p><\/p>\n","protected":false},"excerpt":{"rendered":"<p>Mitte M\u00e4rz starteten wir mit der Taufe des LEADER-gef\u00f6rderten 6x+ &#8222;Hadeloga&#8220; beim Anrudern offiziell in die Saison 2025<\/p>\n","protected":false},"author":1,"featured_media":1737,"comment_status":"open","ping_status":"open","sticky":false,"template":"","format":"standard","meta":{"give_campaign_id":0,"_EventAllDay":false,"_EventTimezone":"","_EventStartDate":"","_EventEndDate":"","_EventStartDateUTC":"","_EventEndDateUTC":"","_EventShowMap":false,"_EventShowMapLink":false,"_EventURL":"","_EventCost":"","_EventCostDescription":"","_EventCurrencySymbol":"","_EventCurrencyCode":"","_EventCurrencyPosition":"","_EventDateTimeSeparator":"","_EventTimeRangeSeparator":"","_EventOrganizerID":[],"_EventVenueID":[],"_OrganizerEmail":"","_OrganizerPhone":"","_OrganizerWebsite":"","_VenueAddress":"","_VenueCity":"","_VenueCountry":"","_VenueProvince":"","_VenueState":"","_VenueZip":"","_VenuePhone":"","_VenueURL":"","_VenueStateProvince":"","_VenueLat":"","_VenueLng":"","_VenueShowMap":false,"_VenueShowMapLink":false,"footnotes":""},"categories":[1],"tags":[215,221,15,218,220,217,14,219,31,223,222,82],"class_list":["post-1736","post","type-post","status-publish","format-standard","has-post-thumbnail","hentry","category-krv-1897-news","tag-215","tag-6x","tag-anrudern","tag-bischoff","tag-gesundheitssport","tag-hadeloga","tag-krv","tag-leader","tag-main","tag-natur","tag-ruderjugend","tag-von-der-kall"],"_links":{"self":[{"href":"https:\/\/krv1897.de\/index.php?rest_route=\/wp\/v2\/posts\/1736","targetHints":{"allow":["GET"]}}],"collection":[{"href":"https:\/\/krv1897.de\/index.php?rest_route=\/wp\/v2\/posts"}],"about":[{"href":"https:\/\/krv1897.de\/index.php?rest_route=\/wp\/v2\/types\/post"}],"author":[{"embeddable":true,"href":"https:\/\/krv1897.de\/index.php?rest_route=\/wp\/v2\/users\/1"}],"replies":[{"embeddable":true,"href":"https:\/\/krv1897.de\/index.php?rest_route=%2Fwp%2Fv2%2Fcomments&post=1736"}],"version-history":[{"count":1,"href":"https:\/\/krv1897.de\/index.php?rest_route=\/wp\/v2\/posts\/1736\/revisions"}],"predecessor-version":[{"id":1738,"href":"https:\/\/krv1897.de\/index.php?rest_route=\/wp\/v2\/posts\/1736\/revisions\/1738"}],"wp:featuredmedia":[{"embeddable":true,"href":"https:\/\/krv1897.de\/index.php?rest_route=\/wp\/v2\/media\/1737"}],"wp:attachment":[{"href":"https:\/\/krv1897.de\/index.php?rest_route=%2Fwp%2Fv2%2Fmedia&parent=1736"}],"wp:term":[{"taxonomy":"category","embeddable":true,"href":"https:\/\/krv1897.de\/index.php?rest_route=%2Fwp%2Fv2%2Fcategories&post=1736"},{"taxonomy":"post_tag","embeddable":true,"href":"https:\/\/krv1897.de\/index.php?rest_route=%2Fwp%2Fv2%2Ftags&post=1736"}],"curies":[{"name":"wp","href":"https:\/\/api.w.org\/{rel}","templated":true}]}}