{"id":1810,"date":"2025-04-27T22:41:13","date_gmt":"2025-04-27T22:41:13","guid":{"rendered":"https:\/\/krv1897.de\/?p=1810"},"modified":"2025-04-27T22:42:03","modified_gmt":"2025-04-27T22:42:03","slug":"krv-ruderer-ueber-langdistanz-in-oesterreich-erfolgreich","status":"publish","type":"post","link":"https:\/\/krv1897.de\/?p=1810","title":{"rendered":"KRV-Ruderer \u00fcber Langdistanz in \u00d6sterreich erfolgreich"},"content":{"rendered":"\n<p>Neuen Herausforderungen stellt sich die junge Garde des Kitzinger Rudervereins seit zwei Jahren regelm\u00e4\u00dfig. Dazu geh\u00f6ren ausdauerorientierte Wettbewerbe im Winter und Fr\u00fchjahr. \u201eDas ist trainingstechnisch sinnvoll, k\u00f6nnte aber auch etwas mit meiner Vorliebe zu tun haben\u201c, verr\u00e4t Trainer Daniel Nagl augenzwinkernd nach seiner R\u00fcckkehr vom 10- bzw. 20km-Rennen auf dem Wolfgangsee im Salzburger Land mit Zweierpartnerin Marie Feldrapp (18) und dem A-Juniorendoppelzweier Jake Sarjeant\/Johanna Bilz.<\/p>\n\n\n\n<p>Nach der Premiere bei der dt. Meisterschaft \u00fcber die Marathondistanz auf dem Ergo 2024 (viertschnellste Zeit) wagte sich Nagl Ende April 2025 an den Halbmarathon \u2013 als letzte Trainingseinheit ohne Kohlenhydratzufuhr in den 7 Stunden zuvor. Ergebnis: 1:16:38 und global Platz 22\/3319 in dieser Saison. \u201eNach dem Wert und der Performance mit Marie bei der Kitzinger Regatta \u00fcber die 4km Anfang April haben wir unser Ziel f\u00fcr den ersten Start \u00fcber die harte 20km-Distanz ambitionierter gefasst\u201c, so Nagl. Neunzig Minuten sollten es am 26. April sein. Bei windig-welligen Bedingungen wurde es 1:30:11. Dennoch sind Nagl\/Feldrapp mit ihrem zweiten Rennen zufrieden. Denn im 40 Jahre alten \u201eHanco\u201c \u2013 einziges Holzrennboot im Feld \u2013 holten sie mit 1:20min Vorsprung den Sieg in der Mixed-Wertung (\u00fcber alle Klassen Platz 3\/9).<\/p>\n\n\n\n<p>Johanna Bilz (17), die ambitionierteste KRV-Nachwuchsathletin, tat sich f\u00fcr die Fr\u00fchjahrssaison im \u201eRedbull\u201c mit Jake Sarjeant (17) zusammen, der im Dezember nach 1,5 Jahren Pause wieder ins Training einstieg. Das avisierte 50min-Ziel \u00fcber 10km wurde mit 51:07 zwar knapp verfehlt. Dennoch bilanziert Nagl nach dem durch Bergwanderungen flankierten \u201eMinitrainingslager\u201c in den Alpen zufrieden: \u201eDie Formkurve geht nach oben. Die Boote finden sich. Fast schade, dass Mixed-Doppelzweier bei der Bayerischen Meisterschaft im Juli nur im Masterbereich gefahren werden.\u201c <\/p>\n\n\n\n<p>Die Kitzinger Ruderer werden daher nur noch auf der Mai-Regatta in Bamberg im Mixed antreten. Im August wollen sie sich im &#8222;Coastal Rowing&#8220; versuchen. Dort sind Mixed Rennen Standard. Und Coastal w\u00e4re eine neue Herausforderung.<br><\/p>\n","protected":false},"excerpt":{"rendered":"<p>Nagl\/Feldrapp gewinnen 2xmixed \u00fcber 20km auf dem Wolfgangsee. Sarjeant\/Bilz starteten \u00fcber 10km<\/p>\n","protected":false},"author":1,"featured_media":1811,"comment_status":"open","ping_status":"open","sticky":false,"template":"","format":"standard","meta":{"give_campaign_id":0,"_EventAllDay":false,"_EventTimezone":"","_EventStartDate":"","_EventEndDate":"","_EventStartDateUTC":"","_EventEndDateUTC":"","_EventShowMap":false,"_EventShowMapLink":false,"_EventURL":"","_EventCost":"","_EventCostDescription":"","_EventCurrencySymbol":"","_EventCurrencyCode":"","_EventCurrencyPosition":"","_EventDateTimeSeparator":"","_EventTimeRangeSeparator":"","_EventOrganizerID":[],"_EventVenueID":[],"_OrganizerEmail":"","_OrganizerPhone":"","_OrganizerWebsite":"","_VenueAddress":"","_VenueCity":"","_VenueCountry":"","_VenueProvince":"","_VenueState":"","_VenueZip":"","_VenuePhone":"","_VenueURL":"","_VenueStateProvince":"","_VenueLat":"","_VenueLng":"","_VenueShowMap":false,"_VenueShowMapLink":false,"footnotes":""},"categories":[1],"tags":[100,95,148,260,119,257,259,56,208,105,258],"class_list":["post-1810","post","type-post","status-publish","format-standard","has-post-thumbnail","hentry","category-krv-1897-news","tag-2x","tag-bilz","tag-doppelzweier","tag-dritter","tag-feldrapp","tag-langdistanz","tag-mixed","tag-nagl","tag-sarjeant","tag-sieg","tag-wolfgangsee"],"_links":{"self":[{"href":"https:\/\/krv1897.de\/index.php?rest_route=\/wp\/v2\/posts\/1810","targetHints":{"allow":["GET"]}}],"collection":[{"href":"https:\/\/krv1897.de\/index.php?rest_route=\/wp\/v2\/posts"}],"about":[{"href":"https:\/\/krv1897.de\/index.php?rest_route=\/wp\/v2\/types\/post"}],"author":[{"embeddable":true,"href":"https:\/\/krv1897.de\/index.php?rest_route=\/wp\/v2\/users\/1"}],"replies":[{"embeddable":true,"href":"https:\/\/krv1897.de\/index.php?rest_route=%2Fwp%2Fv2%2Fcomments&post=1810"}],"version-history":[{"count":2,"href":"https:\/\/krv1897.de\/index.php?rest_route=\/wp\/v2\/posts\/1810\/revisions"}],"predecessor-version":[{"id":1813,"href":"https:\/\/krv1897.de\/index.php?rest_route=\/wp\/v2\/posts\/1810\/revisions\/1813"}],"wp:featuredmedia":[{"embeddable":true,"href":"https:\/\/krv1897.de\/index.php?rest_route=\/wp\/v2\/media\/1811"}],"wp:attachment":[{"href":"https:\/\/krv1897.de\/index.php?rest_route=%2Fwp%2Fv2%2Fmedia&parent=1810"}],"wp:term":[{"taxonomy":"category","embeddable":true,"href":"https:\/\/krv1897.de\/index.php?rest_route=%2Fwp%2Fv2%2Fcategories&post=1810"},{"taxonomy":"post_tag","embeddable":true,"href":"https:\/\/krv1897.de\/index.php?rest_route=%2Fwp%2Fv2%2Ftags&post=1810"}],"curies":[{"name":"wp","href":"https:\/\/api.w.org\/{rel}","templated":true}]}}