{"id":1830,"date":"2025-06-04T19:54:13","date_gmt":"2025-06-04T19:54:13","guid":{"rendered":"https:\/\/krv1897.de\/?p=1830"},"modified":"2025-06-04T19:54:13","modified_gmt":"2025-06-04T19:54:13","slug":"14-ruderer-4-boote-und-ein-hauch-von-abenteuer","status":"publish","type":"post","link":"https:\/\/krv1897.de\/?p=1830","title":{"rendered":"14 Ruderer. 4 Boote. Und ein Hauch von Abenteuer"},"content":{"rendered":"\n<p>Bremen-Vegesack war in diesem Jahr das Ziel von 14 begeisterten Rudernden der Dienstagsgruppe \u00fcber Christi Himmelfahrt. Geplant war, die Weser unsicher zu machen, die Bremer K\u00fcche zu genie\u00dfen, die Vegesacker Ruderfreunde zu besuchen \u2013 und all das mit einer gro\u00dfen Portion Geselligkeit und guter Laune.<\/p>\n\n\n\n<p><strong>Tag 1: Regen, Boote und Spargeltr\u00e4ume<\/strong><br>Nach einer herzlichen Begr\u00fc\u00dfung durch den Vegesacker Ruderverein, der uns gro\u00dfz\u00fcgig ein frisch lackiertes Kirchboot sowie drei weitere Boote zur Verf\u00fcgung stellte, ging es direkt aufs Wasser. Die Route f\u00fchrte uns weseraufw\u00e4rts, wo im Restaurant Spille \u201eSpargel satt\u201c auf uns wartete. Die Vegesacker Ruderfreunde hatten f\u00fcr das leibliche Wohl bestens gesorgt und stellten sicher, dass am Vatertag niemand durstig nach Hause ging. Ein kleines Abenteuer erlebten wir, als unser Boot auf einer Sandbank aufsetzte. Doch Steuermann Dieter aus Vegesack meisterte die Situation mit der Gelassenheit eines Kapit\u00e4ns auf gro\u00dfer Fahrt.<\/p>\n\n\n\n<p>Besonders erw\u00e4hnenswert: Das Frauenboot war \u2013 wie erwartet \u2013 schneller als die M\u00e4nnerboote. Ob es an der Technik, der Motivation oder der Aussicht auf den Spargel lag, bleibt ein Geheimnis. Der leichte Regen am ersten Tag wurde von uns als willkommene Erfrischung interpretiert \u2013 schlie\u00dflich sind wir Wind und Wetter erprobte Ruderer und keine Zuckerfiguren!<\/p>\n\n\n\n<p><strong>Tag 2: Sandd\u00fcnen, Wellen und ein t\u00fcrkisches Buffet<\/strong><br>Am Freitag ging es weserabw\u00e4rts entlang der Maritimen Meile und den beeindruckenden L\u00fcrssen Werften bis nach Oberhammelwarden. Das Anlegen am sandigen Weserufer ohne Steg erforderte Teamarbeit, aber mit vereinten Kr\u00e4ften brachten wir Mannschaft und Boote sicher an Land. Trotz des beachtlichen Wellenbildung meisterten wir auch die R\u00fcckfahrt souver\u00e4n. Der Tag endete mit einem k\u00f6stlichen t\u00fcrkischen Buffet, das uns neue Energie f\u00fcr den kommenden Tag gab.<\/p>\n\n\n\n<p><strong>Tag 3: Kultur, Geschichte und Wein<\/strong><br>Am Samstag stand eine k\u00fcrzere Rudertour auf der Lesum auf dem Programm, gefolgt von einem kulturellen Highlight: einer F\u00fchrung durch das Vegesacker Geschichtshaus. Hier erfuhren wir nicht nur spannende Details \u00fcber die Geschichte des Ortes, sondern zwei unserer kr\u00e4ftigen Ruderer wurden auch kurzerhand als Crew f\u00fcr einen historischen Robbenf\u00e4nger rekrutiert.<\/p>\n\n\n\n<p>Am Nachmittag ging es mit dem Zug nach Bremen, wo eine F\u00fchrung durch den Ratskeller und eine Weinprobe auf uns warteten. Der Tag war vollgepackt mit Kultur, Geschichte und Genuss \u2013 ein w\u00fcrdiger Abschluss unserer Reise.<\/p>\n\n\n\n<p><strong>Fazit: Ein harmonischer Ausflug mit Wiederholungsbedarf<\/strong><br>Die Ruderwanderfahrt nach Bremen-Vegesack war ein voller Erfolg. Das Wetter spielte mit, die Boote liefen wie geschmiert, und die Gemeinschaft war \u2013 wie immer \u2013 unschlagbar. Ein besonderer Dank gilt dem Vegesacker Ruderverein, der uns nicht nur mit Booten, sondern auch mit herzlicher Gastfreundschaft und guter Laune versorgte. Ein herzliches Dankesch\u00f6n an alle, die diese Fahrt m\u00f6glich gemacht haben.<\/p>\n\n\n\n<p>Wir freuen uns schon jetzt auf die n\u00e4chste Ruderwanderfahrt. In diesem Sinne: \u201eLeinen los und bis zum n\u00e4chsten Mal!\u201c<\/p>\n\n\n\n<p><br>Eure Dienstagsgruppe<\/p>\n","protected":false},"excerpt":{"rendered":"<p>Die Dienstagsgruppe auf gro\u00dfer Fahrt auf Weser und Lesum bei Bremen<\/p>\n","protected":false},"author":1,"featured_media":1831,"comment_status":"open","ping_status":"open","sticky":false,"template":"","format":"standard","meta":{"give_campaign_id":0,"_EventAllDay":false,"_EventTimezone":"","_EventStartDate":"","_EventEndDate":"","_EventStartDateUTC":"","_EventEndDateUTC":"","_EventShowMap":false,"_EventShowMapLink":false,"_EventURL":"","_EventCost":"","_EventCostDescription":"","_EventCurrencySymbol":"","_EventCurrencyCode":"","_EventCurrencyPosition":"","_EventDateTimeSeparator":"","_EventTimeRangeSeparator":"","_EventOrganizerID":[],"_EventVenueID":[],"_OrganizerEmail":"","_OrganizerPhone":"","_OrganizerWebsite":"","_VenueAddress":"","_VenueCity":"","_VenueCountry":"","_VenueProvince":"","_VenueState":"","_VenueZip":"","_VenuePhone":"","_VenueURL":"","_VenueStateProvince":"","_VenueLat":"","_VenueLng":"","_VenueShowMap":false,"_VenueShowMapLink":false,"footnotes":""},"categories":[1],"tags":[],"class_list":["post-1830","post","type-post","status-publish","format-standard","has-post-thumbnail","hentry","category-krv-1897-news"],"_links":{"self":[{"href":"https:\/\/krv1897.de\/index.php?rest_route=\/wp\/v2\/posts\/1830","targetHints":{"allow":["GET"]}}],"collection":[{"href":"https:\/\/krv1897.de\/index.php?rest_route=\/wp\/v2\/posts"}],"about":[{"href":"https:\/\/krv1897.de\/index.php?rest_route=\/wp\/v2\/types\/post"}],"author":[{"embeddable":true,"href":"https:\/\/krv1897.de\/index.php?rest_route=\/wp\/v2\/users\/1"}],"replies":[{"embeddable":true,"href":"https:\/\/krv1897.de\/index.php?rest_route=%2Fwp%2Fv2%2Fcomments&post=1830"}],"version-history":[{"count":1,"href":"https:\/\/krv1897.de\/index.php?rest_route=\/wp\/v2\/posts\/1830\/revisions"}],"predecessor-version":[{"id":1832,"href":"https:\/\/krv1897.de\/index.php?rest_route=\/wp\/v2\/posts\/1830\/revisions\/1832"}],"wp:featuredmedia":[{"embeddable":true,"href":"https:\/\/krv1897.de\/index.php?rest_route=\/wp\/v2\/media\/1831"}],"wp:attachment":[{"href":"https:\/\/krv1897.de\/index.php?rest_route=%2Fwp%2Fv2%2Fmedia&parent=1830"}],"wp:term":[{"taxonomy":"category","embeddable":true,"href":"https:\/\/krv1897.de\/index.php?rest_route=%2Fwp%2Fv2%2Fcategories&post=1830"},{"taxonomy":"post_tag","embeddable":true,"href":"https:\/\/krv1897.de\/index.php?rest_route=%2Fwp%2Fv2%2Ftags&post=1830"}],"curies":[{"name":"wp","href":"https:\/\/api.w.org\/{rel}","templated":true}]}}