{"id":1861,"date":"2025-07-27T15:59:25","date_gmt":"2025-07-27T15:59:25","guid":{"rendered":"https:\/\/krv1897.de\/?p=1861"},"modified":"2025-07-27T16:12:45","modified_gmt":"2025-07-27T16:12:45","slug":"sommerfest-mit-dreifach-bootstaufe","status":"publish","type":"post","link":"https:\/\/krv1897.de\/?p=1861","title":{"rendered":"Sommerfest mit Dreifach-Bootstaufe"},"content":{"rendered":"\n<p>Traditionell feiert der Kitzinger Ruderverein von 1897 sein Sommerfest im herrlichen Biergarten neben der Bootshalle. Ende Juli 2025 jedoch s\u00e4umten rund 50 Mitglieder und Unterst\u00fctzer des KRV den Bootsplatz. Gleich drei Boote wurden getauft, ein viertes neu in den Bestand aufgenommen. Nach dem Mannschaftsboot (6x+) \u201eHadeloga\u201c, das 2023 mit LEADER-F\u00f6rderung und Mitgliederspenden beschafft wurde, erneuerte der KRV im vergangenen Jahr seine Kleinbootflotte.<\/p>\n\n\n\n<p>Mit der Beschaffung, des Vorf\u00fchrskiffs \u201eSkywalker\u201c (60-70kg) und des Schwergewichtsskiffs (85-100kg) \u201ePanta Rhei\u201c w\u00fcrdigt der KRV die positive Entwicklung der seit 2023 neu aufgesetzten Jugendarbeit im Verein und h\u00e4lt nun in allen Gewichtsklassen wettkampfgeeignete Einer parat. Mit &#8222;Skywalker&#8220; gewann die A-Jugend-Lgw.-Ruderin Johanna Bilz in der Vorwoche Bronze bei der Bayerischen Meisterschaft.<\/p>\n\n\n\n<p>Zur St\u00e4rkung der (Jugend-)Ausbildung wurde au\u00dferdem das Trainingsskiff (45-60kg) \u201eVinova\u201c sowie als Ersatzneukauf ein rhein-geeigneter gesteuerter Gigdoppelzweier beschafft. Letzterer wurde nach seinem Spender, dem k\u00fcrzlich verstorbenen Fritz K\u00fcmmel auf den Namen \u201eFritz\u201c getauft.<\/p>\n\n\n\n<p>Vor der gemeinsamen Taufe dankte der Vorsitzende des KRV Dieter von der Kall auch den anwesenden OB Stefan G\u00fcntner (f\u00fcr die Stadt Kitzingen), Kurt Semmler (f\u00fcr die Stiftung der Stadt) und Dr. Tobias Stricker (f\u00fcr die Firma Knauf) f\u00fcr die Unterst\u00fctzung bei der bedarfsgerechten Erneuerung des Bootsparks. Durch die genannten F\u00f6rderer, Versicherungsleistungen und vor allem eine durch Frau Abgeordnete Barbara Becker vermittelte Sportger\u00e4tef\u00f6rderung des Freistaats wurde nachhaltig die Ausbildungsarbeit und der leistungsorientierte Jugendsport im KRV gest\u00e4rkt.<\/p>\n\n\n\n<p>Nach einer F\u00fchrung f\u00fcr Interessierte durch \u201edie heiligen Hallen des KRV\u201c inklusive anekdotenreicher Erkl\u00e4rung des Bootsbestands durch Sportvorstand Dr. Michael Bed\u00f6, verw\u00f6hnten Wirtschaftsvorstand Jens K\u00fchn und sein Team die G\u00e4ste mit Speis und Trank und \u201eJust for fun\u201c bis in den sp\u00e4ten Abend hinein mit Rockklassikern.<\/p>\n","protected":false},"excerpt":{"rendered":"<p>Mit &#8222;Fritz&#8220;, &#8222;Panta Rhei&#8220; und &#8222;Vinova&#8220; wurden 2025 erneut drei Boote mit Taufe beim Sommerfest in den Bestand des KRV aufgenommen<\/p>\n","protected":false},"author":1,"featured_media":1862,"comment_status":"open","ping_status":"open","sticky":false,"template":"","format":"standard","meta":{"give_campaign_id":0,"_EventAllDay":false,"_EventTimezone":"","_EventStartDate":"","_EventEndDate":"","_EventStartDateUTC":"","_EventEndDateUTC":"","_EventShowMap":false,"_EventShowMapLink":false,"_EventURL":"","_EventCost":"","_EventCostDescription":"","_EventCurrencySymbol":"","_EventCurrencyCode":"","_EventCurrencyPosition":"","_EventDateTimeSeparator":"","_EventTimeRangeSeparator":"","_EventOrganizerID":[],"_EventVenueID":[],"_OrganizerEmail":"","_OrganizerPhone":"","_OrganizerWebsite":"","_VenueAddress":"","_VenueCity":"","_VenueCountry":"","_VenueProvince":"","_VenueState":"","_VenueZip":"","_VenuePhone":"","_VenueURL":"","_VenueStateProvince":"","_VenueLat":"","_VenueLng":"","_VenueShowMap":false,"_VenueShowMapLink":false,"footnotes":""},"categories":[1],"tags":[278,55,156,279,286,283,277,284,14,136,281,288,280,20,285,287,282,82],"class_list":["post-1861","post","type-post","status-publish","format-standard","has-post-thumbnail","hentry","category-krv-1897-news","tag-barbara-becker","tag-bedoe","tag-fritz","tag-fritz-kuemmel","tag-guentner","tag-jugendarbeit","tag-just-for-fun","tag-knauf","tag-krv","tag-kuehn","tag-panta-rhei","tag-semmler","tag-skywalker","tag-sommerfest","tag-stadt-kitzingen","tag-stiftung","tag-vinova","tag-von-der-kall"],"_links":{"self":[{"href":"https:\/\/krv1897.de\/index.php?rest_route=\/wp\/v2\/posts\/1861","targetHints":{"allow":["GET"]}}],"collection":[{"href":"https:\/\/krv1897.de\/index.php?rest_route=\/wp\/v2\/posts"}],"about":[{"href":"https:\/\/krv1897.de\/index.php?rest_route=\/wp\/v2\/types\/post"}],"author":[{"embeddable":true,"href":"https:\/\/krv1897.de\/index.php?rest_route=\/wp\/v2\/users\/1"}],"replies":[{"embeddable":true,"href":"https:\/\/krv1897.de\/index.php?rest_route=%2Fwp%2Fv2%2Fcomments&post=1861"}],"version-history":[{"count":3,"href":"https:\/\/krv1897.de\/index.php?rest_route=\/wp\/v2\/posts\/1861\/revisions"}],"predecessor-version":[{"id":1865,"href":"https:\/\/krv1897.de\/index.php?rest_route=\/wp\/v2\/posts\/1861\/revisions\/1865"}],"wp:featuredmedia":[{"embeddable":true,"href":"https:\/\/krv1897.de\/index.php?rest_route=\/wp\/v2\/media\/1862"}],"wp:attachment":[{"href":"https:\/\/krv1897.de\/index.php?rest_route=%2Fwp%2Fv2%2Fmedia&parent=1861"}],"wp:term":[{"taxonomy":"category","embeddable":true,"href":"https:\/\/krv1897.de\/index.php?rest_route=%2Fwp%2Fv2%2Fcategories&post=1861"},{"taxonomy":"post_tag","embeddable":true,"href":"https:\/\/krv1897.de\/index.php?rest_route=%2Fwp%2Fv2%2Ftags&post=1861"}],"curies":[{"name":"wp","href":"https:\/\/api.w.org\/{rel}","templated":true}]}}