{"id":1963,"date":"2025-12-11T15:44:21","date_gmt":"2025-12-11T15:44:21","guid":{"rendered":"https:\/\/krv1897.de\/?p=1963"},"modified":"2025-12-19T08:58:48","modified_gmt":"2025-12-19T08:58:48","slug":"nagl-siegt-bei-drv-mens-challenge-in-der-altersklasse-30-44","status":"publish","type":"post","link":"https:\/\/krv1897.de\/?p=1963","title":{"rendered":"Nagl siegt bei DRV-Men&#8217;s Challenge in der Altersklasse 30-44"},"content":{"rendered":"\n<p>Nach 2,5 Monaten verletzungsbedingter Trainingspause im Sommer meldete sich der zweifache Deutsche Meister im Ergometer-Rudern \u00fcber die 30min-Langdistanz (2024, 2025) Daniel Nagl mit einem Ausrufezeichen zur Indoor-Saison 2025\/26 zur\u00fcck. Mit 22.165m und \u00fcber 300m Vorsprung gewann er Ende November die \u201eMen\u2019s Challenge\u201c von Concept2 und Deutschem Ruderverband in der Altersklasse 30-44.<\/p>\n\n\n\n<p>Bei diesem Wettbewerb galt es in vier aufeinander folgenden Wochen m\u00f6glichst viele Meter in 8, 15, 22 sowie 30 Minuten auf dem Ergometer zu absolvieren. Keine leichte Herausforderung insbesondere mit Blick auf die Erk\u00e4ltungszeit. \u00dcber 750 Sportler zwischen 12 und \u00fcber 80 Jahren absolvierten alle \u201eChallenges\u201c. Vier davon \u2013 Linus Zierhut, Lorik Shala, Daniel Nagl und Michael Bed\u00f6 \u2013 kommen vom Kitzinger Ruderverein 1897.<\/p>\n\n\n\n<p>\u201eEs waren zwar bei den 18-30-J\u00e4hrigen keine Nationalkader am Start, aber Hochschul- und Deutsche Meister. Daher freue ich mich auch \u00fcber Platz 5 in der Gesamtwertung. Grunds\u00e4tzlich ging es aber f\u00fcr unsere KRV-Jugend und eine sehr aktive Gruppe von \u00dc75-Senioren darum, zu sehen, wie gut man schon bzw. noch ist im Vergleich zu Ruderdeutschland\u201c, ordnet Nagl als Verantwortlicher f\u00fcr Jugend- und Leistungssport des KRV ein.<\/p>\n\n\n\n<p>Unter den Jungen stach besonders Lorik Shala hervor. Der erst 13-J\u00e4hrige belegte bei den U18 einen respektablen Platz 40 aus rund 300 jungen Athleten. \u201eLoriks Training seit August schl\u00e4gt voll an. Wenn er so weiter macht, k\u00f6nnte es Ende Februar bei der Deutschen \u00fcber die Langstrecke f\u00fcrs Podium reichen\u201c, zeigt sich Nagl optimistisch.<\/p>\n\n\n\n<p>Insgesamt belegt der KRV mit 159.894m Platz 36\/75. \u201eLeider konnten durch technische Probleme die 15min-Ergebnisse unserer Kameraden Gerhard Billmann und Herbert Wiedemer nicht eingetragen werden. Inoffiziell haben wir 6 m\u00e4nnliche Absolventen\u201c, erg\u00e4nzt Nagl und dankt den \u201eAntreiberinnen\u201c Margot Junker und Irene Wiedemer, die ebenfalls alle Distanzen absolvierten. Die inoffizielle KRV-Women\u2019s Challenge gewann allerdings Johanna Bilz (18); trotz ausgelassenem 15min-Rennen &#8211; quasi als Training f\u00fcr die Women&#8217;s Challenge im Januar.<\/p>\n\n\n\n<p>&nbsp;<br>Ergebnisse der Men&#8217;s Challenge unter&nbsp;<a href=\"https:\/\/challenge.rudern.de\/ranking\" target=\"_blank\" rel=\"noreferrer noopener\"><mark style=\"background-color:rgba(0, 0, 0, 0)\" class=\"has-inline-color has-primary-color\">https:\/\/challenge.rudern.de\/ranking<\/mark><\/a>&nbsp;<\/p>\n\n\n\n<p><\/p>\n","protected":false},"excerpt":{"rendered":"<p>KRV-Ruderer von 13 bis 83 starteten bei der 1. Men&#8217;s Challenge von DRV und Concept2. 4 Kameraden absolvierten alle Challenges. Nagl siegte bei den 30-44-J\u00e4hrigen.<\/p>\n","protected":false},"author":1,"featured_media":1964,"comment_status":"open","ping_status":"open","sticky":false,"template":"","format":"standard","meta":{"give_campaign_id":0,"_EventAllDay":false,"_EventTimezone":"","_EventStartDate":"","_EventEndDate":"","_EventStartDateUTC":"","_EventEndDateUTC":"","_EventShowMap":false,"_EventShowMapLink":false,"_EventURL":"","_EventCost":"","_EventCostDescription":"","_EventCurrencySymbol":"","_EventCurrencyCode":"","_EventCurrencyPosition":"","_EventDateTimeSeparator":"","_EventTimeRangeSeparator":"","_EventOrganizerID":[],"_EventVenueID":[],"_OrganizerEmail":"","_OrganizerPhone":"","_OrganizerWebsite":"","_VenueAddress":"","_VenueCity":"","_VenueCountry":"","_VenueProvince":"","_VenueState":"","_VenueZip":"","_VenuePhone":"","_VenueURL":"","_VenueStateProvince":"","_VenueLat":"","_VenueLng":"","_VenueShowMap":false,"_VenueShowMapLink":false,"footnotes":""},"categories":[1],"tags":[55,197,123,113,37,14,308,56,21],"class_list":["post-1963","post","type-post","status-publish","format-standard","has-post-thumbnail","hentry","category-krv-1897-news","tag-bedoe","tag-drv","tag-ergo","tag-ergometer","tag-kitzingen","tag-krv","tag-mens-challenge","tag-nagl","tag-rudern"],"_links":{"self":[{"href":"https:\/\/krv1897.de\/index.php?rest_route=\/wp\/v2\/posts\/1963","targetHints":{"allow":["GET"]}}],"collection":[{"href":"https:\/\/krv1897.de\/index.php?rest_route=\/wp\/v2\/posts"}],"about":[{"href":"https:\/\/krv1897.de\/index.php?rest_route=\/wp\/v2\/types\/post"}],"author":[{"embeddable":true,"href":"https:\/\/krv1897.de\/index.php?rest_route=\/wp\/v2\/users\/1"}],"replies":[{"embeddable":true,"href":"https:\/\/krv1897.de\/index.php?rest_route=%2Fwp%2Fv2%2Fcomments&post=1963"}],"version-history":[{"count":3,"href":"https:\/\/krv1897.de\/index.php?rest_route=\/wp\/v2\/posts\/1963\/revisions"}],"predecessor-version":[{"id":1969,"href":"https:\/\/krv1897.de\/index.php?rest_route=\/wp\/v2\/posts\/1963\/revisions\/1969"}],"wp:featuredmedia":[{"embeddable":true,"href":"https:\/\/krv1897.de\/index.php?rest_route=\/wp\/v2\/media\/1964"}],"wp:attachment":[{"href":"https:\/\/krv1897.de\/index.php?rest_route=%2Fwp%2Fv2%2Fmedia&parent=1963"}],"wp:term":[{"taxonomy":"category","embeddable":true,"href":"https:\/\/krv1897.de\/index.php?rest_route=%2Fwp%2Fv2%2Fcategories&post=1963"},{"taxonomy":"post_tag","embeddable":true,"href":"https:\/\/krv1897.de\/index.php?rest_route=%2Fwp%2Fv2%2Ftags&post=1963"}],"curies":[{"name":"wp","href":"https:\/\/api.w.org\/{rel}","templated":true}]}}