{"id":2041,"date":"2026-03-16T15:56:47","date_gmt":"2026-03-16T15:56:47","guid":{"rendered":"https:\/\/krv1897.de\/?p=2041"},"modified":"2026-03-17T12:48:38","modified_gmt":"2026-03-17T12:48:38","slug":"mit-guter-nachricht-ins-ruderjahr-2026","status":"publish","type":"post","link":"https:\/\/krv1897.de\/?p=2041","title":{"rendered":"Mit guter Nachricht ins Ruderjahr 2026"},"content":{"rendered":"\n<p>Mit dem Anrudern beginnt seit \u00fcber 100 Jahren offiziell die Saison beim Kitzinger Ruderverein von 1897. Am 15. M\u00e4rz, vor der 2. Kitzinger Fr\u00fchling Regatta, war es wieder so weit. KRV-Vorstand Dieter von der Kall und die Sportler l\u00e4uteten mit lautem \u201eHipp, hipp, Hurra!\u201c das Ruderjahr 2026 ein, obgleich bei manchem Kameraden schon \u00fcber 200km Jahresruderleistung verzeichnet sind.<\/p>\n\n\n\n<p>Wurde fr\u00fcher durch Eisgang und Hochwasser im Winter nicht gerudert, so hat sich dies mit der Stauung des Maines und Klimaerw\u00e4rmung ge\u00e4ndert. Einige hartgesottene KRV-Masters gehen ganzj\u00e4hrig aufs Wasser \u2013 \u201ein breiteren Mannschaftsbooten und auf eigene Verantwortung. Ein offizieller Breitensport-Trainingsbetrieb findet zwischen November und Mitte M\u00e4rz nicht statt. Und auch die vollj\u00e4hrigen Leistungssportler wechseln Dezember bis Anfang M\u00e4rz verantwortungsvoll aufs Ergometer\u201c, erkl\u00e4rt Sportvorstand Dr. Michael Bed\u00f6.<\/p>\n\n\n\n<p>Umso mehr juckte es manchen Ruderer bei fr\u00fchlingshaften Temperaturen zuletzt in den Fingern. \u201eDer Main hat zwar erst 9 Grad. Aber mit dem Appell an die Jugendtrainer vom Einer-Training bis Mai Abstand zu nehmen, geht es jetzt, p\u00fcnktlich zur Regatta und Zeitumstellung, wieder los\u201c, so Dr. Bed\u00f6.<\/p>\n\n\n\n<p>Dabei beginnt das Ruderjahr beim KRV \u00e4hnlich wie es 2025 mit den Siegen bei der Bocksbeutel-Regatta endete. Von der Kall w\u00fcnschte in seiner Ansprache allen eine erneut unfallfreie Saison und verwies auf die j\u00fcngsten Erfolge der KRV-Athleten Johanna Bilz (19) und Daniel Nagl (38) bei den deutschen und bayerischen Meisterschaften im Ergometer-Rudern. Die wichtigste Nachricht hob er sich aber bis zum Schluss auf: Der KRV wurde tags zuvor vom Bay. Ruderverband mit dem Award \u201eAufsteiger des Jahres 2025\u201c ausgezeichnet. Mit 5.000 Euro F\u00f6rderung gew\u00fcrdigt wird die seit 2023 im KRV forcierte Aufbauarbeit im Bereich Jugend- und Leistungssport. Grundlage f\u00fcr die Auszeichnung ist eine aufwendige Berechnung des Bay. Ruderverbands, die sich unter anderem aus Regattaerfolgen, Teilnahmen an Trainingslagern, neu gemeldeten Trainerscheinen und Netzwerkarbeit ergibt. Die F\u00f6rdersumme wird j\u00e4hrlich von der Klaus-Dahms-Stiftung ausgelobt und vergeben.<\/p>\n\n\n\n<p><\/p>\n","protected":false},"excerpt":{"rendered":"<p>Gute Nachricht gab&#8217;s gleich zum Start in die Saison beim Anrudern: der BRV w\u00fcrdigt die Aufbauarbeit der KRV-Jugend mit dem Newcomer-Award<\/p>\n","protected":false},"author":1,"featured_media":2042,"comment_status":"open","ping_status":"open","sticky":false,"template":"","format":"standard","meta":{"give_campaign_id":0,"_EventAllDay":false,"_EventTimezone":"","_EventStartDate":"","_EventEndDate":"","_EventStartDateUTC":"","_EventEndDateUTC":"","_EventShowMap":false,"_EventShowMapLink":false,"_EventURL":"","_EventCost":"","_EventCostDescription":"","_EventCurrencySymbol":"","_EventCurrencyCode":"","_EventCurrencyPosition":"","_EventDateTimeSeparator":"","_EventTimeRangeSeparator":"","_EventOrganizerID":[],"_EventVenueID":[],"_OrganizerEmail":"","_OrganizerPhone":"","_OrganizerWebsite":"","_VenueAddress":"","_VenueCity":"","_VenueCountry":"","_VenueProvince":"","_VenueState":"","_VenueZip":"","_VenuePhone":"","_VenueURL":"","_VenueStateProvince":"","_VenueLat":"","_VenueLng":"","_VenueShowMap":false,"_VenueShowMapLink":false,"footnotes":""},"categories":[1],"tags":[312,15,335,55,95,119,250,30,82],"class_list":["post-2041","post","type-post","status-publish","format-standard","has-post-thumbnail","hentry","category-krv-1897-news","tag-312","tag-anrudern","tag-aufsteiger-des-jahres","tag-bedoe","tag-bilz","tag-feldrapp","tag-krv-jugend-2","tag-saisonstart","tag-von-der-kall"],"_links":{"self":[{"href":"https:\/\/krv1897.de\/index.php?rest_route=\/wp\/v2\/posts\/2041","targetHints":{"allow":["GET"]}}],"collection":[{"href":"https:\/\/krv1897.de\/index.php?rest_route=\/wp\/v2\/posts"}],"about":[{"href":"https:\/\/krv1897.de\/index.php?rest_route=\/wp\/v2\/types\/post"}],"author":[{"embeddable":true,"href":"https:\/\/krv1897.de\/index.php?rest_route=\/wp\/v2\/users\/1"}],"replies":[{"embeddable":true,"href":"https:\/\/krv1897.de\/index.php?rest_route=%2Fwp%2Fv2%2Fcomments&post=2041"}],"version-history":[{"count":6,"href":"https:\/\/krv1897.de\/index.php?rest_route=\/wp\/v2\/posts\/2041\/revisions"}],"predecessor-version":[{"id":2057,"href":"https:\/\/krv1897.de\/index.php?rest_route=\/wp\/v2\/posts\/2041\/revisions\/2057"}],"wp:featuredmedia":[{"embeddable":true,"href":"https:\/\/krv1897.de\/index.php?rest_route=\/wp\/v2\/media\/2042"}],"wp:attachment":[{"href":"https:\/\/krv1897.de\/index.php?rest_route=%2Fwp%2Fv2%2Fmedia&parent=2041"}],"wp:term":[{"taxonomy":"category","embeddable":true,"href":"https:\/\/krv1897.de\/index.php?rest_route=%2Fwp%2Fv2%2Fcategories&post=2041"},{"taxonomy":"post_tag","embeddable":true,"href":"https:\/\/krv1897.de\/index.php?rest_route=%2Fwp%2Fv2%2Ftags&post=2041"}],"curies":[{"name":"wp","href":"https:\/\/api.w.org\/{rel}","templated":true}]}}