{"id":2044,"date":"2026-03-16T16:04:14","date_gmt":"2026-03-16T16:04:14","guid":{"rendered":"https:\/\/krv1897.de\/?p=2044"},"modified":"2026-03-16T16:43:11","modified_gmt":"2026-03-16T16:43:11","slug":"regattarudern-jenseits-der-80","status":"publish","type":"post","link":"https:\/\/krv1897.de\/?p=2044","title":{"rendered":"Regattarudern jenseits der 80"},"content":{"rendered":"\n<p>2025 belebte der KRV die Tradition der Ruderregatten in Kitzingen neu. Auch 2026 folgten acht bayerische Vereine der Einladung zur Breitensport-Regatta Kitzinger Fr\u00fchling Regatta. Zehn gesteuerte Gig-Vierer und sechs Doppelzweier gingen von Mainstockheim zum Stadtbalkon (4km) an den Start.<\/p>\n\n\n\n<p>Nach Alter und Geschlecht buntgemischte Besatzungen traten an. Eine ist hervorzuheben: Im von Lorik Shala (13) gesteuerten Boot KRV 2 nahmen Hans Metzger (1936), Erich Zepter (1942), Herbert Wiedemer (1944) und Schlagfrau Margot Junker (1943) Platz. Ein Regattaboot mit 84,75 Jahren Altersdurchschnitt! Im gew\u00e4hlten Verrechnungsmodus reichte nur zum 10. Platz. Der begeisterte Applaus der Wettbewerber und zahlreicher Zuschauer f\u00fcr die sportlichen \u201eKRV-Oldies\u201c war jedoch mehr als gerechtfertigt.<\/p>\n\n\n\n<p>Am Ende einer auch dank der Unterst\u00fctzung der Wasserwacht Ortsgruppe Kitzingen zur allgemeinen Zufriedenheit verlaufenen Veranstaltung konnten Barbara Becker, MdL, OB Stefan G\u00fcntner und Vorsitzender Dieter von der Kall Pokale und Wein an zufriedene Sportler \u00fcberreichen.<\/p>\n\n\n\n<p>Das Rennen der gesteuerten Gigvierer gewann das Damen-Boot des ARC W\u00fcrzburg mit geruderten 15:53,4 (14:10,2 verrechnet), vor dem Mixed-Boot aus Landshut mit 15:23,5 (14:30,1) und der rein m\u00e4nnlichen RG aus RC Vilshofen\/RC Isar mit 15:01,1 (14:52,4). Das von Sabine L\u00f6chner gesteuerte Boot KRV 1 mit Steffen L\u00f6chner, Johannes Dienesch, Yvonne Bilz und Michael Bed\u00f6 erreichte mit 16:12,6 (15:30,1) den 5. Platz.<\/p>\n\n\n\n<p>Im Rennen der Doppelzweier traf Daniel Nagl (37) mit Marie Feldrapp (19) zum 4. Mal in 15 Tagen auf Christoph Renholzberger (30) vom RC Vilshofen. Nagl\/Feldrapp mussten sich mit 15:02,8 (14:40,2) der schnellsten Tageszeit von 14:31,1 (14:20,4) von Renholzberger und Joseph Reiter (63) geschlagen geben, waren aber schneller als die SM23 des RCV Roman Rackl\/Armand Gyenes (15:14,1). Das KRV-Mixed-Boot 2 mit Jake Sarjeant (18) und Johanna Fexer (15) zog mit 16:03,9 zwar die viertschnellste Zeit, landete nach Verrechnung aber mit 0,7sec R\u00fcckstand knapp auf Platz 6.<\/p>\n\n\n\n<p>\u201eDas Highlight waren die vielen Zuschauer beim abschlie\u00dfenden Politiker-Rennen. Tolle Werbung f\u00fcr unsere Stadt und unseren Sport\u201c, bilanzierte Nagl.<br><br>(Fotos von Michael Fexer finden sich zeitnah im Bilderarchiv)<\/p>\n","protected":false},"excerpt":{"rendered":"<p>Mit fast 85 Jahren Altersdurchschnitt absolvierten Hans, Erich, Herbert und Margot die 2. Kitzinger Fr\u00fchling Regatta &#8211; und wurden zurecht gefeiert!<\/p>\n","protected":false},"author":1,"featured_media":2045,"comment_status":"open","ping_status":"open","sticky":false,"template":"","format":"standard","meta":{"give_campaign_id":0,"_EventAllDay":false,"_EventTimezone":"","_EventStartDate":"","_EventEndDate":"","_EventStartDateUTC":"","_EventEndDateUTC":"","_EventShowMap":false,"_EventShowMapLink":false,"_EventURL":"","_EventCost":"","_EventCostDescription":"","_EventCurrencySymbol":"","_EventCurrencyCode":"","_EventCurrencyPosition":"","_EventDateTimeSeparator":"","_EventTimeRangeSeparator":"","_EventOrganizerID":[],"_EventVenueID":[],"_OrganizerEmail":"","_OrganizerPhone":"","_OrganizerWebsite":"","_VenueAddress":"","_VenueCity":"","_VenueCountry":"","_VenueProvince":"","_VenueState":"","_VenueZip":"","_VenuePhone":"","_VenueURL":"","_VenueStateProvince":"","_VenueLat":"","_VenueLng":"","_VenueShowMap":false,"_VenueShowMapLink":false,"footnotes":""},"categories":[1],"tags":[189,55,95,305,119,96,88,237,14,330,242,40,328,208,332,334,243],"class_list":["post-2044","post","type-post","status-publish","format-standard","has-post-thumbnail","hentry","category-krv-1897-news","tag-arcw","tag-bedoe","tag-bilz","tag-dienesch","tag-feldrapp","tag-fexer","tag-junker","tag-kitzinger-fruehling","tag-krv","tag-landshut","tag-loechner","tag-regatta","tag-renholzberger","tag-sarjeant","tag-ueber-80","tag-vilshofen","tag-wiedemer"],"_links":{"self":[{"href":"https:\/\/krv1897.de\/index.php?rest_route=\/wp\/v2\/posts\/2044","targetHints":{"allow":["GET"]}}],"collection":[{"href":"https:\/\/krv1897.de\/index.php?rest_route=\/wp\/v2\/posts"}],"about":[{"href":"https:\/\/krv1897.de\/index.php?rest_route=\/wp\/v2\/types\/post"}],"author":[{"embeddable":true,"href":"https:\/\/krv1897.de\/index.php?rest_route=\/wp\/v2\/users\/1"}],"replies":[{"embeddable":true,"href":"https:\/\/krv1897.de\/index.php?rest_route=%2Fwp%2Fv2%2Fcomments&post=2044"}],"version-history":[{"count":2,"href":"https:\/\/krv1897.de\/index.php?rest_route=\/wp\/v2\/posts\/2044\/revisions"}],"predecessor-version":[{"id":2054,"href":"https:\/\/krv1897.de\/index.php?rest_route=\/wp\/v2\/posts\/2044\/revisions\/2054"}],"wp:featuredmedia":[{"embeddable":true,"href":"https:\/\/krv1897.de\/index.php?rest_route=\/wp\/v2\/media\/2045"}],"wp:attachment":[{"href":"https:\/\/krv1897.de\/index.php?rest_route=%2Fwp%2Fv2%2Fmedia&parent=2044"}],"wp:term":[{"taxonomy":"category","embeddable":true,"href":"https:\/\/krv1897.de\/index.php?rest_route=%2Fwp%2Fv2%2Fcategories&post=2044"},{"taxonomy":"post_tag","embeddable":true,"href":"https:\/\/krv1897.de\/index.php?rest_route=%2Fwp%2Fv2%2Ftags&post=2044"}],"curies":[{"name":"wp","href":"https:\/\/api.w.org\/{rel}","templated":true}]}}