{"id":711,"date":"2022-04-20T14:03:00","date_gmt":"2022-04-20T14:03:00","guid":{"rendered":"https:\/\/krv1897.de\/?p=711"},"modified":"2023-02-22T14:24:37","modified_gmt":"2023-02-22T14:24:37","slug":"im-kitzinger-ruderverein-weht-juengerer-geist","status":"publish","type":"post","link":"https:\/\/krv1897.de\/?p=711","title":{"rendered":"Im Kitzinger Ruderverein weht j\u00fcngerer Geist"},"content":{"rendered":"\n<p class=\"has-small-font-size\"><strong>Kitzingen (dn)<\/strong>&nbsp;Der Kitzinger Ruderverein von 1897 feiert in diesem Jahr sein 125-j\u00e4hriges Bestehen. Der Geist des Vereins ist jedoch ein junger. Dies wurde bei der Jahreshauptversammlung deutlich. Zu den vierzig anwesenden Mitgliedern in den altehrw\u00fcrdigen Saal des Ruderheims lie\u00df sich der Vorsitzende Dieter von der Kall aus der Corona-Quarant\u00e4ne mit den Worten \u201ewir haben so ja auch einen guten Teil der Vorstandsarbeit im letzten Jahr bestritten\u201c entspannt zuschalten. In der Versammlungsleitung wurde er durch Verwaltungsvorstand Tobias V\u00f6lker, Sportvorstand Dr. Michael Bed\u00f6 und Finanzvorstand Georg Wittmann nach dem Motto \u201eDialog statt Einmannschau\u201c unterst\u00fctzt.<\/p>\n\n\n\n<p class=\"has-small-font-size\">Von der Kall berichtete, dass der Verein zwar im abgelaufenen Jahr noch durch Corona-Verordnungen eingeschr\u00e4nkt war, aber mit Hygienema\u00dfnahmen und einer eigenen, vereinsinternen Impfkampagne trotz Trainingsbetrieb und kleinerer Events wie dem Herbstabend keine Infektionen auftraten. V\u00f6lker freute sich dar\u00fcber, dass der KRV nicht nur mit neuen Facebook- und Instagram-Accounts und einer Kurzchronik medial breit aufgestellt ins Jubil\u00e4umsjahr geht, sondern auch mit einem Mitgliederzuwachs. Um 15 Kameradinnen und Kameraden wuchs der Verein im letzten Jahr auf 197 Mitglieder.<\/p>\n\n\n\n<p class=\"has-small-font-size\">\u201eBesonders erfreulich ist, dass sich die Zahl jugendlicher Mitglieder von 9 auf 16 Mitglieder deutlich erh\u00f6ht hat. 78 Prozent Jugendzuwachs. Das d\u00fcrfte in der Region einmalig sein,\u201c lobt V\u00f6lker die durch Dr. Michael Bed\u00f6, Kilian und Linus Schiebel verantwortete Jugendarbeit. Zwar wurden 2021 \u201enur\u201c 32.000 Kilometer durch 73 aktive Mitglieder gerudert; circa halb so viele Kilometer wie in Durchschnittjahren. Jedoch erachte Dr. Bed\u00f6 eine Teilnahme an Regatten mit der Jugend im Jahr 2023 als realistisch. Durch eine im Fr\u00fchsommer 2022 beginnende Partnerschaft mit dem Armin-Knab-Gymnasium hofft der KVR au\u00dferdem weitere junge Menschen f\u00fcr den Rudersport zu begeistern.<\/p>\n\n\n\n<p class=\"has-small-font-size\">Von \u201eeinem soliden finanziellen Fundament\u201c sprach schlie\u00dflich Wittmann in seinem Bericht. 2021 konnte dar\u00fcber hinaus ein Jahres\u00fcberschuss im niedrigen vierstelligen Bereich erzielt werden. Vor diesem Hintergrund beauftragten die Mitglieder den Vorstand mit Blick auf eine m\u00f6gliche Modernisierung beziehungsweise Erweiterung der Sport- und Umkleider\u00e4ume, bei drei Gegenstimmen, eine Fachplanung in Auftrag zu geben. Weitere Antr\u00e4ge zur Novellierung der Satzung wurden durch die Mitglieder an den Vorstand \u00fcberwiesen und der Ernennung Georg Hennigs, seit 66 Jahren verdientes Mitglied des KRVs, zum Ehrenmitglied beschlossen.&nbsp;<\/p>\n","protected":false},"excerpt":{"rendered":"<p>Jahreshauptversammlung 2022<\/p>\n","protected":false},"author":1,"featured_media":712,"comment_status":"open","ping_status":"open","sticky":false,"template":"","format":"standard","meta":{"give_campaign_id":0,"_EventAllDay":false,"_EventTimezone":"","_EventStartDate":"","_EventEndDate":"","_EventStartDateUTC":"","_EventEndDateUTC":"","_EventShowMap":false,"_EventShowMapLink":false,"_EventURL":"","_EventCost":"","_EventCostDescription":"","_EventCurrencySymbol":"","_EventCurrencyCode":"","_EventCurrencyPosition":"","_EventDateTimeSeparator":"","_EventTimeRangeSeparator":"","_EventOrganizerID":[],"_EventVenueID":[],"_OrganizerEmail":"","_OrganizerPhone":"","_OrganizerWebsite":"","_VenueAddress":"","_VenueCity":"","_VenueCountry":"","_VenueProvince":"","_VenueState":"","_VenueZip":"","_VenuePhone":"","_VenueURL":"","_VenueStateProvince":"","_VenueLat":"","_VenueLng":"","_VenueShowMap":false,"_VenueShowMapLink":false,"footnotes":""},"categories":[1],"tags":[],"class_list":["post-711","post","type-post","status-publish","format-standard","has-post-thumbnail","hentry","category-krv-1897-news"],"_links":{"self":[{"href":"https:\/\/krv1897.de\/index.php?rest_route=\/wp\/v2\/posts\/711","targetHints":{"allow":["GET"]}}],"collection":[{"href":"https:\/\/krv1897.de\/index.php?rest_route=\/wp\/v2\/posts"}],"about":[{"href":"https:\/\/krv1897.de\/index.php?rest_route=\/wp\/v2\/types\/post"}],"author":[{"embeddable":true,"href":"https:\/\/krv1897.de\/index.php?rest_route=\/wp\/v2\/users\/1"}],"replies":[{"embeddable":true,"href":"https:\/\/krv1897.de\/index.php?rest_route=%2Fwp%2Fv2%2Fcomments&post=711"}],"version-history":[{"count":2,"href":"https:\/\/krv1897.de\/index.php?rest_route=\/wp\/v2\/posts\/711\/revisions"}],"predecessor-version":[{"id":727,"href":"https:\/\/krv1897.de\/index.php?rest_route=\/wp\/v2\/posts\/711\/revisions\/727"}],"wp:featuredmedia":[{"embeddable":true,"href":"https:\/\/krv1897.de\/index.php?rest_route=\/wp\/v2\/media\/712"}],"wp:attachment":[{"href":"https:\/\/krv1897.de\/index.php?rest_route=%2Fwp%2Fv2%2Fmedia&parent=711"}],"wp:term":[{"taxonomy":"category","embeddable":true,"href":"https:\/\/krv1897.de\/index.php?rest_route=%2Fwp%2Fv2%2Fcategories&post=711"},{"taxonomy":"post_tag","embeddable":true,"href":"https:\/\/krv1897.de\/index.php?rest_route=%2Fwp%2Fv2%2Ftags&post=711"}],"curies":[{"name":"wp","href":"https:\/\/api.w.org\/{rel}","templated":true}]}}