{"id":744,"date":"2023-01-16T14:44:00","date_gmt":"2023-01-16T14:44:00","guid":{"rendered":"https:\/\/krv1897.de\/?p=744"},"modified":"2023-02-22T14:58:59","modified_gmt":"2023-02-22T14:58:59","slug":"3-mann-in-einem-boot-und-60-ruderer-im-roxy","status":"publish","type":"post","link":"https:\/\/krv1897.de\/?p=744","title":{"rendered":"3 Mann in einem Boot &#8211; und 60 Ruderer im Roxy"},"content":{"rendered":"\n<p class=\"has-small-font-size\">&#8222;Neujahrsempfang&#8220; &#8211; das bedeutet \u201eSekt\u201c und \u201eAnsprachen\u201c. Die Kitzinger Ruderer gingen 2023 einen anderen Weg \u2013 ins Roxy Kino\u00a0. Sekt gab es auch. Und einen launigen R\u00fcckblick aufs Ruderjahr 2023 durch den Vorsitzenden\u00a0<a href=\"https:\/\/www.facebook.com\/dieterwalter.vonderkall.5?__cft__%5b0%5d=AZVnzs8RVyMO5oKS8idzYyul9upejPlOXCFDM0DtTnP4uCH1wKmgfcR08YImvBPtNXPjdGGDg0qIjU6wuhrRhoCVuXzsTf3A8DgfkxCoO1T9u7l43Cu7zNFDiz-CKd3UO953h335dZ63G70NHXVq9WPMO87Wzu0eGmWMCSADtWFGH0P0AzfgJdzj4HGb8UeuSXIda6qumgIV6Vtt02Rn6LU-3eA0RRmeKhtFPSO8Dr_2HQ&amp;__tn__=-%5dK-R\">Dieter W. Vonderkall<\/a>.<\/p>\n\n\n\n<p class=\"has-small-font-size\">Rund 60 Ruderer zwischen Anfang zwanzig und Ende achtzig erfuhren, dass der Verein trotz beschafften Bootsmaterials im mittleren f\u00fcnfstelligen Bereich und rauschendem Jubil\u00e4umssommer \u201e125 Jahre KRV\u201c das Wirtschaftsjahr positiv abschloss, dass die Aktiven bei rund 3.000 Ausfahrten stolze 35.000 Kilometer auf dem Main zur\u00fccklegten und von zahlreichen gesellschaftlichen Events im Verein. \u201eWer kann schon sagen, er hat seine dritte Coronaimpfung nach dem zweiten Gl\u00fchwein erhalten\u201c, dankte von der Kall seinem Vorstandskollegen Dr. Michael Bed\u00f6, f\u00fcr die vereinsinterne Impfaktion. Dem Trainer- und Betreuerstab um Dr. Bed\u00f6 und Kilian Schiebel dankte der Vorsitzende f\u00fcr eine \u201eaufwachsende Jugendarbeit, aus deren Kreis 2023 erste Jugendliche den Weg auf Regatten finden d\u00fcrften\u201c.<\/p>\n\n\n\n<p class=\"has-small-font-size\">Einen Blick voraus warf von der Kall auch mit der Ank\u00fcndigung, es l\u00e4ge an den Vereinsmitgliedern bei der Jahreshauptversammlung am 24. M\u00e4rz 2023 \u00fcber gr\u00f6\u00dfere Umbauma\u00dfnahmen auf dem KRV-Gel\u00e4nde zu entscheiden.<\/p>\n\n\n\n<p class=\"has-small-font-size\">Bevor der Abend im Blauen Saal des Roxy Kino stilvoll im pers\u00f6nlichen Gespr\u00e4ch ausklang, gingen die Ruderer, jenseits von \u201eSekt und Ansprachen\u201c, mit Heinz Erhardt im 60er-Jahre-Film \u201eDrei Mann in einem Boot\u201c auf eine Kinoreise den Rhein hinab. Vorfreude auf die Rudersaison 2023 inklusive.<\/p>\n\n\n\n<p class=\"has-small-font-size\">Alle Bilder vom Neujahrsempfang <a href=\"https:\/\/www.facebook.com\/KRV1897\/photos\/pcb.215426320928811\/215425604262216\/\" target=\"_blank\" rel=\"noreferrer noopener\"><mark style=\"background-color:rgba(0, 0, 0, 0)\" class=\"has-inline-color has-vivid-cyan-blue-color\">hier<\/mark><\/a> <\/p>\n","protected":false},"excerpt":{"rendered":"<p>Neujahrsempfang des KRV von 1897 e.V. im Roxy Kino <\/p>\n","protected":false},"author":1,"featured_media":745,"comment_status":"open","ping_status":"open","sticky":false,"template":"","format":"standard","meta":{"give_campaign_id":0,"_EventAllDay":false,"_EventTimezone":"","_EventStartDate":"","_EventEndDate":"","_EventStartDateUTC":"","_EventEndDateUTC":"","_EventShowMap":false,"_EventShowMapLink":false,"_EventURL":"","_EventCost":"","_EventCostDescription":"","_EventCurrencySymbol":"","_EventCurrencyCode":"","_EventCurrencyPosition":"","_EventDateTimeSeparator":"","_EventTimeRangeSeparator":"","_EventOrganizerID":[],"_EventVenueID":[],"_OrganizerEmail":"","_OrganizerPhone":"","_OrganizerWebsite":"","_VenueAddress":"","_VenueCity":"","_VenueCountry":"","_VenueProvince":"","_VenueState":"","_VenueZip":"","_VenuePhone":"","_VenueURL":"","_VenueStateProvince":"","_VenueLat":"","_VenueLng":"","_VenueShowMap":false,"_VenueShowMapLink":false,"footnotes":""},"categories":[1],"tags":[],"class_list":["post-744","post","type-post","status-publish","format-standard","has-post-thumbnail","hentry","category-krv-1897-news"],"_links":{"self":[{"href":"https:\/\/krv1897.de\/index.php?rest_route=\/wp\/v2\/posts\/744","targetHints":{"allow":["GET"]}}],"collection":[{"href":"https:\/\/krv1897.de\/index.php?rest_route=\/wp\/v2\/posts"}],"about":[{"href":"https:\/\/krv1897.de\/index.php?rest_route=\/wp\/v2\/types\/post"}],"author":[{"embeddable":true,"href":"https:\/\/krv1897.de\/index.php?rest_route=\/wp\/v2\/users\/1"}],"replies":[{"embeddable":true,"href":"https:\/\/krv1897.de\/index.php?rest_route=%2Fwp%2Fv2%2Fcomments&post=744"}],"version-history":[{"count":2,"href":"https:\/\/krv1897.de\/index.php?rest_route=\/wp\/v2\/posts\/744\/revisions"}],"predecessor-version":[{"id":755,"href":"https:\/\/krv1897.de\/index.php?rest_route=\/wp\/v2\/posts\/744\/revisions\/755"}],"wp:featuredmedia":[{"embeddable":true,"href":"https:\/\/krv1897.de\/index.php?rest_route=\/wp\/v2\/media\/745"}],"wp:attachment":[{"href":"https:\/\/krv1897.de\/index.php?rest_route=%2Fwp%2Fv2%2Fmedia&parent=744"}],"wp:term":[{"taxonomy":"category","embeddable":true,"href":"https:\/\/krv1897.de\/index.php?rest_route=%2Fwp%2Fv2%2Fcategories&post=744"},{"taxonomy":"post_tag","embeddable":true,"href":"https:\/\/krv1897.de\/index.php?rest_route=%2Fwp%2Fv2%2Ftags&post=744"}],"curies":[{"name":"wp","href":"https:\/\/api.w.org\/{rel}","templated":true}]}}