{"id":747,"date":"2023-02-13T14:48:00","date_gmt":"2023-02-13T14:48:00","guid":{"rendered":"https:\/\/krv1897.de\/?p=747"},"modified":"2023-07-28T08:13:45","modified_gmt":"2023-07-28T08:13:45","slug":"nagl-siegte-am-rhein-3x-regattapremiere-beim-ergocup-rhein-neckar","status":"publish","type":"post","link":"https:\/\/krv1897.de\/?p=747","title":{"rendered":"Nagl siegte am Rhein | 3x Regattapremiere beim Ergocup Rhein-Neckar"},"content":{"rendered":"\n<p class=\"has-small-font-size\">Ein Kitzinger Ruderer auf dem Podium. Das hat l\u00e4nger nicht gegeben. Mit Daniel Nagl schaffte es ein KRV-Ruderer in Ludwigshafen sogar ganz nach oben beim 16. Ergo-Cup Rhein-Neckar, dem Leistungsvergleich der Ruderer an Rhein, Neckar und immer \u00f6fter auch Main vom Bodensee bis Schweinfurt.<\/p>\n\n\n\n<p class=\"has-small-font-size\">Der 34-J\u00e4hrige feierte seine Regattapremiere beim Ergometer-Rennen \u00fcber 2000min der Seniorenklasse (19-27). Mit 6:21,7 (Split 1:35,4) verbesserte Nagl seine Bestzeit um 1,5 Sekunden. Bei der Deutschen Ergo-Meisterschaft (ohne Kaderathleten) in der Vorwoche h\u00e4tte die Zeit f\u00fcr Platz 7 gereicht. In Ludwigshafen holte Nagl Gold \u2013 13 Sekunden vor dem Zweiten; dem 39-j\u00e4hrigen ehemaligen Oxford-Achterruderer Moritz Hafner. Nagl lie\u00df sich von der ungewohnten Kulisse von hundert l\u00e4rmenden Zuschauern vor den Ergometern und Betreuern dahinter nicht aus dem Konzept bringen. Nach kraftvollem Start und 33er Schlagzahl auf den ersten 500m (Split 1:28,0) nahm Nagl Tempo raus. Mit Schlagzahl 28 blieb er auf den zweiten 500m bei 1:36,6. Bei zunehmend \u00fcbers\u00e4uernder Muskulatur hielt er mit Schlagzahl 29 bis 1500 eine Splitzeit von 1:38,2, konnte bei Schlagzahl 30 auf den letzten 500 Metern aber mit 1:38,9 nicht mehr zulegen.<\/p>\n\n\n\n<p class=\"has-small-font-size\">Der Erfolg zeigt, dass die Trainingsgruppe unter Leitung von Michael Bed\u00f6 das leistungsorientierte Rudern beim KRV auch im Masterbereich behutsam aufbaut. Der eigentliche Grund der Reise an den Rhein war aber, dem Nachwuchs vor der Saison Regattaerfahrung zu verschaffen. Eine Hand voll vielversprechender Jugendlicher trainiert aktuell unter der Leitung von Kilian Schiebel beim KRV. Vor Weihnachten noch auf die 30min-Distanz trainiert, lieferte der 14-j\u00e4hrige Joseph Eisele als einer der j\u00fcngsten Starter der Jugend B ein super Premierenergebnis ab. Nach 1500m standen 5:30,3 (Split 1:50,1) auf der Uhr.<\/p>\n\n\n\n<p class=\"has-small-font-size\">Als dritter KRV-Ruderer feierte der 44-j\u00e4hrige Jens K\u00fchn Premiere und ging mit der Taktik &#8222;Vollgas \u2013 und so lange wie m\u00f6glich durchhalten&#8220; in sein 1.000m Rennen in der Masterklasse (40-49). Da die Kr\u00e4fte ab 700m rapide schwanden, konnte K\u00fchn am einzigen Altersklassekonkurrenten nicht vorbeiziehen, erzielte aber mit 3:30,9 (Split 1:45,5) eine um drei Sekunden verbesserte pers\u00f6nliche Bestzeit.<\/p>\n","protected":false},"excerpt":{"rendered":"<p>Nagl siegt \u00fcber 2.000m in der Seniorenklasse f\u00fcr KRV | Jens K\u00fchn und Joseph Eisele feiern Regattapremiere<\/p>\n","protected":false},"author":1,"featured_media":748,"comment_status":"open","ping_status":"open","sticky":false,"template":"","format":"standard","meta":{"give_campaign_id":0,"_EventAllDay":false,"_EventTimezone":"","_EventStartDate":"","_EventEndDate":"","_EventStartDateUTC":"","_EventEndDateUTC":"","_EventShowMap":false,"_EventShowMapLink":false,"_EventURL":"","_EventCost":"","_EventCostDescription":"","_EventCurrencySymbol":"","_EventCurrencyCode":"","_EventCurrencyPosition":"","_EventDateTimeSeparator":"","_EventTimeRangeSeparator":"","_EventOrganizerID":[],"_EventVenueID":[],"_OrganizerEmail":"","_OrganizerPhone":"","_OrganizerWebsite":"","_VenueAddress":"","_VenueCity":"","_VenueCountry":"","_VenueProvince":"","_VenueState":"","_VenueZip":"","_VenuePhone":"","_VenueURL":"","_VenueStateProvince":"","_VenueLat":"","_VenueLng":"","_VenueShowMap":false,"_VenueShowMapLink":false,"footnotes":""},"categories":[1],"tags":[],"class_list":["post-747","post","type-post","status-publish","format-standard","has-post-thumbnail","hentry","category-krv-1897-news"],"_links":{"self":[{"href":"https:\/\/krv1897.de\/index.php?rest_route=\/wp\/v2\/posts\/747","targetHints":{"allow":["GET"]}}],"collection":[{"href":"https:\/\/krv1897.de\/index.php?rest_route=\/wp\/v2\/posts"}],"about":[{"href":"https:\/\/krv1897.de\/index.php?rest_route=\/wp\/v2\/types\/post"}],"author":[{"embeddable":true,"href":"https:\/\/krv1897.de\/index.php?rest_route=\/wp\/v2\/users\/1"}],"replies":[{"embeddable":true,"href":"https:\/\/krv1897.de\/index.php?rest_route=%2Fwp%2Fv2%2Fcomments&post=747"}],"version-history":[{"count":4,"href":"https:\/\/krv1897.de\/index.php?rest_route=\/wp\/v2\/posts\/747\/revisions"}],"predecessor-version":[{"id":1077,"href":"https:\/\/krv1897.de\/index.php?rest_route=\/wp\/v2\/posts\/747\/revisions\/1077"}],"wp:featuredmedia":[{"embeddable":true,"href":"https:\/\/krv1897.de\/index.php?rest_route=\/wp\/v2\/media\/748"}],"wp:attachment":[{"href":"https:\/\/krv1897.de\/index.php?rest_route=%2Fwp%2Fv2%2Fmedia&parent=747"}],"wp:term":[{"taxonomy":"category","embeddable":true,"href":"https:\/\/krv1897.de\/index.php?rest_route=%2Fwp%2Fv2%2Fcategories&post=747"},{"taxonomy":"post_tag","embeddable":true,"href":"https:\/\/krv1897.de\/index.php?rest_route=%2Fwp%2Fv2%2Ftags&post=747"}],"curies":[{"name":"wp","href":"https:\/\/api.w.org\/{rel}","templated":true}]}}