{"id":949,"date":"2023-03-26T18:11:17","date_gmt":"2023-03-26T18:11:17","guid":{"rendered":"https:\/\/krv1897.de\/?p=949"},"modified":"2023-03-26T18:37:15","modified_gmt":"2023-03-26T18:37:15","slug":"juengerer-vorstand-wahlrecht-ab-16-und-votum-pro-energiesanierung","status":"publish","type":"post","link":"https:\/\/krv1897.de\/?p=949","title":{"rendered":"Hauptversammlung: J\u00fcngerer Vorstand. Wahlrecht ab 16. Und Votum pro Energiesanierung"},"content":{"rendered":"\n<p>St\u00fchler\u00fccken bei der Vorstandswahl des Kitzinger Rudervereins von 1897. 2023 ohne Kampfkandidaturen, aber mit einigen nicht mehr antretenden Vorstandsmitgliedern und Ressortleitern. F\u00fcr ihr Wirken dankten die Mitglieder Wirtschaftsvorstand Sonja Hering, Wanderruderwart Walter Meyer und Bootswart Bruno Flennert.<\/p>\n\n\n\n<p>Flennerts Aufgabe bleibt, mangels Kandidaten, vorerst unbesetzt. Eine Gruppe Ruderer erwirbt unter Leitung von Dr. Michael Bed\u00f6 jedoch aktuell bootsbauliches Wissen bei der Sanierung alter Holzeiner. Alle weiteren Posten im \u201e7. Vorstand von der Kall\u201c wurden durch die 42 anwesenden KRV\u2019ler mit hohen Zustimmungswerten (88 bis 100 Prozent) besetzt. Neben Dieter von der Kall als Vorsitzender (95 Prozent) setzen auch Verwaltungsvorstand Tobias V\u00f6lker, Finanzvorstand Georg Wittmann und Sportvorstand Dr. Michael Bed\u00f6 ihr Wirken fort. Gastronomieexperte Jens K\u00fchn (44) verst\u00e4rkt als neuer Wirtschaftsvorstand das Team des engen Vorstands.<\/p>\n\n\n\n<p>Bei den Ressortleitern wurden Hans Metzger (Haus &amp; Technik) und Daniel Nagl (\u00d6ffentlichkeitsarbeit) ebenso best\u00e4tigt, wie Helga Wachter und Patrick Bahns als Schriftf\u00fchrer und Margot Junker als Beauftragte der \u00dc60. Neu ins Amt als Wanderruderwart gew\u00e4hlt wurde Meike Parys (28). Sabrina Stemplowski (37) und Felix \u00d6chsner (31) \u00fcbernehmen&nbsp;nach mehr als&nbsp;zw\u00f6lf Jahren das Kassenpr\u00fcferamt von Eugen und Burkhart Volbers.<\/p>\n\n\n\n<p>Die Verj\u00fcngung unterstreicht die positive Entwicklung des Vereins, die sich auch in einem Mitgliedssaldo von +5 im letzten Jahr zeigte, berichtete Klaus Wachter. 91 der insgesamt 191 Vereinsmitglieder legten 2022 au\u00dferdem stolze 34.300 Kilometer auf dem Main zur\u00fcck.<br><br>Da 2022, trotz Jubil\u00e4umsfeierlichkeiten und der Anschaffung zweier Rowing-SUPs, eines Gig-Dreiers und eines gebrauchten Trainermotorboots ein kleines Plus erwirtschaftet wurde, konnte von der Kall zufriedenzur\u00fcck blicken. Kurze Diskussionen gab es beim Ausma\u00df der Erneuerung des in den 1980ern errichteten Trainingstrakts. Angesichts enormer Preissteigerungen in den letzten Jahren nahmen die Mitglieder mit gro\u00dfer Mehrheit Abstand von der \u2013 so der allgemeine Tonus \u2013 durchaus reizvollen, aber den Verein trotz guter Finanzlage verschuldenden Idee einer Aufstockung und votierten f\u00fcr eine Sanierung des Bestands unter besonderer W\u00fcrdigung der Energieeffizienz. Au\u00dferdem beschlossen wurden gleichbleibende Mitgliedbeitr\u00e4ge und ein Wahlrecht f\u00fcr Vereinsmitglieder ab 16.<\/p>\n\n\n\n<p>\ufeff<\/p>\n","protected":false},"excerpt":{"rendered":"<p>Bericht zur KRV-Hauptversammlung 2023<\/p>\n","protected":false},"author":1,"featured_media":953,"comment_status":"open","ping_status":"open","sticky":false,"template":"","format":"standard","meta":{"give_campaign_id":0,"_EventAllDay":false,"_EventTimezone":"","_EventStartDate":"","_EventEndDate":"","_EventStartDateUTC":"","_EventEndDateUTC":"","_EventShowMap":false,"_EventShowMapLink":false,"_EventURL":"","_EventCost":"","_EventCostDescription":"","_EventCurrencySymbol":"","_EventCurrencyCode":"","_EventCurrencyPosition":"","_EventDateTimeSeparator":"","_EventTimeRangeSeparator":"","_EventOrganizerID":[],"_EventVenueID":[],"_OrganizerEmail":"","_OrganizerPhone":"","_OrganizerWebsite":"","_VenueAddress":"","_VenueCity":"","_VenueCountry":"","_VenueProvince":"","_VenueState":"","_VenueZip":"","_VenuePhone":"","_VenueURL":"","_VenueStateProvince":"","_VenueLat":"","_VenueLng":"","_VenueShowMap":false,"_VenueShowMapLink":false,"footnotes":""},"categories":[1],"tags":[],"class_list":["post-949","post","type-post","status-publish","format-standard","has-post-thumbnail","hentry","category-krv-1897-news"],"_links":{"self":[{"href":"https:\/\/krv1897.de\/index.php?rest_route=\/wp\/v2\/posts\/949","targetHints":{"allow":["GET"]}}],"collection":[{"href":"https:\/\/krv1897.de\/index.php?rest_route=\/wp\/v2\/posts"}],"about":[{"href":"https:\/\/krv1897.de\/index.php?rest_route=\/wp\/v2\/types\/post"}],"author":[{"embeddable":true,"href":"https:\/\/krv1897.de\/index.php?rest_route=\/wp\/v2\/users\/1"}],"replies":[{"embeddable":true,"href":"https:\/\/krv1897.de\/index.php?rest_route=%2Fwp%2Fv2%2Fcomments&post=949"}],"version-history":[{"count":8,"href":"https:\/\/krv1897.de\/index.php?rest_route=\/wp\/v2\/posts\/949\/revisions"}],"predecessor-version":[{"id":960,"href":"https:\/\/krv1897.de\/index.php?rest_route=\/wp\/v2\/posts\/949\/revisions\/960"}],"wp:featuredmedia":[{"embeddable":true,"href":"https:\/\/krv1897.de\/index.php?rest_route=\/wp\/v2\/media\/953"}],"wp:attachment":[{"href":"https:\/\/krv1897.de\/index.php?rest_route=%2Fwp%2Fv2%2Fmedia&parent=949"}],"wp:term":[{"taxonomy":"category","embeddable":true,"href":"https:\/\/krv1897.de\/index.php?rest_route=%2Fwp%2Fv2%2Fcategories&post=949"},{"taxonomy":"post_tag","embeddable":true,"href":"https:\/\/krv1897.de\/index.php?rest_route=%2Fwp%2Fv2%2Ftags&post=949"}],"curies":[{"name":"wp","href":"https:\/\/api.w.org\/{rel}","templated":true}]}}